{"id":16178,"date":"2020-11-19T12:39:53","date_gmt":"2020-11-19T12:39:53","guid":{"rendered":"https:\/\/www.radiopresidenteibanez.cl\/web\/?p=16178"},"modified":"2020-11-19T12:39:57","modified_gmt":"2020-11-19T12:39:57","slug":"pre-candidato-constituyente-coordinadora-noafp-magallanes","status":"publish","type":"post","link":"https:\/\/www.radiopresidenteibanez.cl\/web\/pre-candidato-constituyente-coordinadora-noafp-magallanes\/","title":{"rendered":"PRE-CANDIDATO CONSTITUYENTE &#8211; COORDINADORA NO+AFP MAGALLANES"},"content":{"rendered":"\n<p>Con fecha 17 de noviembre 2020, en Punta Arenas, se llev\u00f3 a cabo Asamblea de la Coordinadora No+AFP Magallanes, con el fin \u00fanico de levantar una precandidatura representativa de la lucha contra el sistema de capitalizaci\u00f3n individual, para la creaci\u00f3n de un Nuevo Sistema de Pensiones y Seguridad Social.<\/p>\n\n\n\n<p>La idea de levantar esta precandidatura surge como respuesta a un acuerdo asumido en el seno de la Coordinadora Social por una Nueva Constituci\u00f3n, instancia que aglutina a m\u00e1s de 40 organizaciones y movimientos sociales de la regi\u00f3n, con una diversidad de representantes motivadas y motivados por participar activamente del proceso constituyente en todas sus etapas y, de este modo, seguir alzando las banderas por las demandas sociales que vitoreamos en las calles, en lo que ha sido y seguir\u00e1 siendo, una constante e incansable b\u00fasqueda de justicia y dignidad para el pueblo de Magallanes y todo el pa\u00eds.<\/p>\n\n\n\n<p>En la jornada, se aclam\u00f3 en forma un\u00e1nime al profesor y activista social&nbsp;<strong>Mart\u00edn S\u00e1ez Latorre<\/strong>, para que represente a la Coordinadora No+AFP Magallanes en el proceso propuesto por la Coordinadora Social.&nbsp; Mart\u00edn, siendo un joven profesional, ya cuenta con una importante experiencia en el trabajo gremial y social, que inici\u00f3 desde las organizaciones estudiantiles en su \u00e9poca, hasta los d\u00edas de hoy participando activamente en Colegio de Profesores y Red Aut\u00f3noma, el&nbsp; Movimiento por la Dignidad, y la Coordinadora No+AFP, entre otras.<\/p>\n\n\n\n<p>De esta forma, el equipo de la Coordinadora No+AFP Magallanes se complace en informar que se suma a este proceso, a trav\u00e9s de la representaci\u00f3n de Mart\u00edn S\u00e1ez, con alegr\u00eda y esperanza; manteniendo firmes las convicciones que nos unen, para seguir adelante en esta batalla contra la desigualdad que algunos pocos quieren perpetuar, a trav\u00e9s del sistema de pensiones actual; pero que el pueblo sabio y valiente, reconoce como un sistema fracasado, deslegitimado, y que debe terminar.&nbsp; Esto es lo que nos moviliza.&nbsp; Por esto es que continuaremos impulsando cambios estructurales.&nbsp; No queremos una reforma cosm\u00e9tica, d\u00e9bil y funcional a los intereses de las elites econ\u00f3micas y pol\u00edticas corruptas.&nbsp; Queremos un Sistema de Seguridad Social con todas sus letras, y no nos cansaremos hasta conseguirlo.<\/p>\n","protected":false},"excerpt":{"rendered":"<p>Con fecha 17 de noviembre 2020, en Punta Arenas, se llev\u00f3 a cabo Asamblea de la Coordinadora No+AFP Magallanes, con el fin \u00fanico de levantar una precandidatura representativa de la&#8230; <a class=\"read-more\" href=\"https:\/\/www.radiopresidenteibanez.cl\/web\/pre-candidato-constituyente-coordinadora-noafp-magallanes\/\">Leer m\u00e1s<\/a><\/p>\n","protected":false},"author":2,"featured_media":11485,"comment_status":"closed","ping_status":"closed","sticky":false,"template":"","format":"standard","meta":{"footnotes":""},"categories":[1],"tags":[],"class_list":["post-16178","post","type-post","status-publish","format-standard","has-post-thumbnail","hentry","category-cronica"],"_links":{"self":[{"href":"https:\/\/www.radiopresidenteibanez.cl\/web\/wp-json\/wp\/v2\/posts\/16178","targetHints":{"allow":["GET"]}}],"collection":[{"href":"https:\/\/www.radiopresidenteibanez.cl\/web\/wp-json\/wp\/v2\/posts"}],"about":[{"href":"https:\/\/www.radiopresidenteibanez.cl\/web\/wp-json\/wp\/v2\/types\/post"}],"author":[{"embeddable":true,"href":"https:\/\/www.radiopresidenteibanez.cl\/web\/wp-json\/wp\/v2\/users\/2"}],"replies":[{"embeddable":true,"href":"https:\/\/www.radiopresidenteibanez.cl\/web\/wp-json\/wp\/v2\/comments?post=16178"}],"version-history":[{"count":0,"href":"https:\/\/www.radiopresidenteibanez.cl\/web\/wp-json\/wp\/v2\/posts\/16178\/revisions"}],"wp:featuredmedia":[{"embeddable":true,"href":"https:\/\/www.radiopresidenteibanez.cl\/web\/wp-json\/wp\/v2\/media\/11485"}],"wp:attachment":[{"href":"https:\/\/www.radiopresidenteibanez.cl\/web\/wp-json\/wp\/v2\/media?parent=16178"}],"wp:term":[{"taxonomy":"category","embeddable":true,"href":"https:\/\/www.radiopresidenteibanez.cl\/web\/wp-json\/wp\/v2\/categories?post=16178"},{"taxonomy":"post_tag","embeddable":true,"href":"https:\/\/www.radiopresidenteibanez.cl\/web\/wp-json\/wp\/v2\/tags?post=16178"}],"curies":[{"name":"wp","href":"https:\/\/api.w.org\/{rel}","templated":true}]}}