{"id":16174,"date":"2020-11-19T12:27:28","date_gmt":"2020-11-19T12:27:28","guid":{"rendered":"https:\/\/www.radiopresidenteibanez.cl\/web\/?p=16174"},"modified":"2020-11-19T12:27:32","modified_gmt":"2020-11-19T12:27:32","slug":"dos-condenados-por-trafico-de-droga-en-pequenas-cantidades","status":"publish","type":"post","link":"https:\/\/www.radiopresidenteibanez.cl\/web\/dos-condenados-por-trafico-de-droga-en-pequenas-cantidades\/","title":{"rendered":"DOS CONDENADOS POR TR\u00c1FICO DE DROGA EN PEQUE\u00d1AS CANTIDADES"},"content":{"rendered":"\n<p>Andr\u00e9s\nAmaru Miguel Lizama, y Julio C\u00e9sar Vargas Argel, fueron condenados hoy como\nautores del delito de tr\u00e1fico il\u00edcito de peque\u00f1as cantidades de sustancias\nestupefacientes y\/o psicotr\u00f3picas. La audiencia de lectura del fallo, se\nefectuar\u00e1 el&nbsp; jueves 26 de noviembre, a\nlas 12:45 horas, por v\u00eda telem\u00e1tica.&nbsp; <\/p>\n\n\n\n<p>Durante la\naudiencia la Fiscal\u00eda sostuvo que teniendo como noticia, que personas\ndeterminadas, estar\u00edan dedicados al tr\u00e1fico de drogas en la regi\u00f3n, utilizando\ndiversas herramientas y t\u00e9cnicas de investigaci\u00f3n propias de la ley 20.000.-,\nse logr\u00f3 recabar antecedentes suficientes, que permit\u00edan vincular a los\nacusados estableciendo que ellos realizaba &nbsp;entrega de droga il\u00edcita a distintos\nconsumidores de Punta Arenas, especialmente a trav\u00e9s de un &nbsp;local de alcoholes y domicilios, previa\ncoordinaci\u00f3n con los consumidores. <\/p>\n","protected":false},"excerpt":{"rendered":"<p>Andr\u00e9s Amaru Miguel Lizama, y Julio C\u00e9sar Vargas Argel, fueron condenados hoy como autores del delito de tr\u00e1fico il\u00edcito de peque\u00f1as cantidades de sustancias estupefacientes y\/o psicotr\u00f3picas. La audiencia de&#8230; <a class=\"read-more\" href=\"https:\/\/www.radiopresidenteibanez.cl\/web\/dos-condenados-por-trafico-de-droga-en-pequenas-cantidades\/\">Leer m\u00e1s<\/a><\/p>\n","protected":false},"author":2,"featured_media":740,"comment_status":"closed","ping_status":"closed","sticky":false,"template":"","format":"standard","meta":{"footnotes":""},"categories":[1],"tags":[],"class_list":["post-16174","post","type-post","status-publish","format-standard","has-post-thumbnail","hentry","category-cronica"],"_links":{"self":[{"href":"https:\/\/www.radiopresidenteibanez.cl\/web\/wp-json\/wp\/v2\/posts\/16174","targetHints":{"allow":["GET"]}}],"collection":[{"href":"https:\/\/www.radiopresidenteibanez.cl\/web\/wp-json\/wp\/v2\/posts"}],"about":[{"href":"https:\/\/www.radiopresidenteibanez.cl\/web\/wp-json\/wp\/v2\/types\/post"}],"author":[{"embeddable":true,"href":"https:\/\/www.radiopresidenteibanez.cl\/web\/wp-json\/wp\/v2\/users\/2"}],"replies":[{"embeddable":true,"href":"https:\/\/www.radiopresidenteibanez.cl\/web\/wp-json\/wp\/v2\/comments?post=16174"}],"version-history":[{"count":0,"href":"https:\/\/www.radiopresidenteibanez.cl\/web\/wp-json\/wp\/v2\/posts\/16174\/revisions"}],"wp:featuredmedia":[{"embeddable":true,"href":"https:\/\/www.radiopresidenteibanez.cl\/web\/wp-json\/wp\/v2\/media\/740"}],"wp:attachment":[{"href":"https:\/\/www.radiopresidenteibanez.cl\/web\/wp-json\/wp\/v2\/media?parent=16174"}],"wp:term":[{"taxonomy":"category","embeddable":true,"href":"https:\/\/www.radiopresidenteibanez.cl\/web\/wp-json\/wp\/v2\/categories?post=16174"},{"taxonomy":"post_tag","embeddable":true,"href":"https:\/\/www.radiopresidenteibanez.cl\/web\/wp-json\/wp\/v2\/tags?post=16174"}],"curies":[{"name":"wp","href":"https:\/\/api.w.org\/{rel}","templated":true}]}}