{"id":16166,"date":"2020-11-19T12:19:05","date_gmt":"2020-11-19T12:19:05","guid":{"rendered":"https:\/\/www.radiopresidenteibanez.cl\/web\/?p=16166"},"modified":"2020-11-19T12:19:10","modified_gmt":"2020-11-19T12:19:10","slug":"corte-de-apelaciones-de-punta-arenas-ordena-reapertura-parcial-de-tribunales-de-magallanes","status":"publish","type":"post","link":"https:\/\/www.radiopresidenteibanez.cl\/web\/corte-de-apelaciones-de-punta-arenas-ordena-reapertura-parcial-de-tribunales-de-magallanes\/","title":{"rendered":"CORTE DE APELACIONES DE PUNTA ARENAS ORDENA REAPERTURA PARCIAL DE TRIBUNALES DE MAGALLANES"},"content":{"rendered":"\n<p>A contar del jueves 19 de noviembre y por orden de la Corte de Apelaciones de Punta Arenas, los tribunales de la regi\u00f3n de Magallanes deber\u00e1n implementar un turno de atenci\u00f3n presencial de p\u00fablico para entrega de cheques y recepci\u00f3n de documentos, a lo menos dos veces por semana, d\u00edas martes y jueves, de 10:00 a 14:00 horas.<\/p>\n\n\n\n<p>La resoluci\u00f3n, adoptada a trav\u00e9s del decreto econ\u00f3mico 36-2020, establece adem\u00e1s que cada unidad judicial definir\u00e1 su modalidad de atenci\u00f3n y el protocolo de seguridad sanitario que contenga las medidas para evitar el contagio de covid-19, mientras que el Centro de Justicia \u2013que alberga a los juzgados de Garant\u00eda, Familia, Laboral y Juicio Oral en Lo Penal- tendr\u00e1 que implementar un protocolo com\u00fan de atenci\u00f3n que resguarde la seguridad y salud de funcionarios y usuarios.<\/p>\n\n\n\n<p>Con la reapertura de los tribunales, se reinicia tambi\u00e9n la atenci\u00f3n presencial de denuncias por causas de violencia intrafamiliar (VIF), de g\u00e9nero y para pedir aplicaci\u00f3n judicial de medidas de protecci\u00f3n de derechos de ni\u00f1os, ni\u00f1as y adolescentes.<\/p>\n\n\n\n<p>\u201cDesde el inicio de la emergencia, esta Corte ha priorizado la salud de funcionarios y usuarios, lo que en su momento fund\u00f3 la decisi\u00f3n de cierre de los edificios, pero entendemos que el escenario ha cambiado, que el n\u00famero de contagios est\u00e1 bajando y que la proximidad del fin del estado de emergencia nos obliga a organizar un plan de retorno\u201d, coment\u00f3 el ministro V\u00edctor Stenger, presidente del tribunal de alzada.<\/p>\n\n\n\n<p>El cierre de los tribunales fue ordenado el pasado 7 de septiembre en respuesta al alto n\u00famero de contagios por coronavirus e incluy\u00f3 el cierre de la totalidad del Centro de Justicia, los tres juzgados Civiles, la Corte de Apelaciones de Punta Arenas y el juzgado de Puerto Natales,&nbsp; ya que las provincias de Tierra del Fuego y Cabo de Hornos los juzgados no interrumpieron la atenci\u00f3n presencial. La medida, que se prolong\u00f3 cada 15 d\u00edas y cuya \u00faltima extensi\u00f3n vence el viernes 20 de noviembre, privilegi\u00f3 la atenci\u00f3n online a trav\u00e9s de los canales establecidos y vigentes en los distintos tribunales, como correo electr\u00f3nico para consultas y denuncias, cuenta zoom para atenci\u00f3n online, tel\u00e9fonos fijos y celulares de turno, informaci\u00f3n que est\u00e1 disponible por juzgado en&nbsp;<a href=\"https:\/\/www.pjud.cl\/trib-primera-instancia\" target=\"_blank\" rel=\"noreferrer noopener\">https:\/\/www.pjud.cl\/trib-primera-instancia<\/a>.<\/p>\n","protected":false},"excerpt":{"rendered":"<p>A contar del jueves 19 de noviembre y por orden de la Corte de Apelaciones de Punta Arenas, los tribunales de la regi\u00f3n de Magallanes deber\u00e1n implementar un turno de&#8230; <a class=\"read-more\" href=\"https:\/\/www.radiopresidenteibanez.cl\/web\/corte-de-apelaciones-de-punta-arenas-ordena-reapertura-parcial-de-tribunales-de-magallanes\/\">Leer m\u00e1s<\/a><\/p>\n","protected":false},"author":2,"featured_media":136,"comment_status":"closed","ping_status":"closed","sticky":false,"template":"","format":"standard","meta":{"footnotes":""},"categories":[1],"tags":[],"class_list":["post-16166","post","type-post","status-publish","format-standard","has-post-thumbnail","hentry","category-cronica"],"_links":{"self":[{"href":"https:\/\/www.radiopresidenteibanez.cl\/web\/wp-json\/wp\/v2\/posts\/16166","targetHints":{"allow":["GET"]}}],"collection":[{"href":"https:\/\/www.radiopresidenteibanez.cl\/web\/wp-json\/wp\/v2\/posts"}],"about":[{"href":"https:\/\/www.radiopresidenteibanez.cl\/web\/wp-json\/wp\/v2\/types\/post"}],"author":[{"embeddable":true,"href":"https:\/\/www.radiopresidenteibanez.cl\/web\/wp-json\/wp\/v2\/users\/2"}],"replies":[{"embeddable":true,"href":"https:\/\/www.radiopresidenteibanez.cl\/web\/wp-json\/wp\/v2\/comments?post=16166"}],"version-history":[{"count":0,"href":"https:\/\/www.radiopresidenteibanez.cl\/web\/wp-json\/wp\/v2\/posts\/16166\/revisions"}],"wp:featuredmedia":[{"embeddable":true,"href":"https:\/\/www.radiopresidenteibanez.cl\/web\/wp-json\/wp\/v2\/media\/136"}],"wp:attachment":[{"href":"https:\/\/www.radiopresidenteibanez.cl\/web\/wp-json\/wp\/v2\/media?parent=16166"}],"wp:term":[{"taxonomy":"category","embeddable":true,"href":"https:\/\/www.radiopresidenteibanez.cl\/web\/wp-json\/wp\/v2\/categories?post=16166"},{"taxonomy":"post_tag","embeddable":true,"href":"https:\/\/www.radiopresidenteibanez.cl\/web\/wp-json\/wp\/v2\/tags?post=16166"}],"curies":[{"name":"wp","href":"https:\/\/api.w.org\/{rel}","templated":true}]}}