{"id":16164,"date":"2020-11-19T12:17:41","date_gmt":"2020-11-19T12:17:41","guid":{"rendered":"https:\/\/www.radiopresidenteibanez.cl\/web\/?p=16164"},"modified":"2020-11-19T12:17:46","modified_gmt":"2020-11-19T12:17:46","slug":"tras-reunion-con-ministro-de-salud-senadora-goic-espero-que-pronto-se-abra-la-actividad-comercial-en-la-region","status":"publish","type":"post","link":"https:\/\/www.radiopresidenteibanez.cl\/web\/tras-reunion-con-ministro-de-salud-senadora-goic-espero-que-pronto-se-abra-la-actividad-comercial-en-la-region\/","title":{"rendered":"TRAS REUNI\u00d3N CON MINISTRO DE SALUD, SENADORA GOIC: \u201cESPERO QUE PRONTO SE ABRA LA ACTIVIDAD COMERCIAL EN LA REGI\u00d3N\u201d"},"content":{"rendered":"\n<p>Como muy positiva calific\u00f3 la\nsenadora magall\u00e1nica Carolina Goic la reuni\u00f3n sostenida con el Ministro de Salud\nEnrique Paris y diferentes entidades de \u00e1mbito tur\u00edstico y comercial de la\nprovincia de \u00daltima Esperanza, oportunidad en la cual se la plante\u00f3 al titular\nde la cartera la cr\u00edtica situaci\u00f3n que est\u00e1 viviendo el sector durante estos\nocho meses de pandemia. <\/p>\n\n\n\n<p>\u201cLe hemos solicitado al ministro\nque es urgente que se pueda abrir a la brevedad la actividad comercial en la\nregi\u00f3n, ya que es insostenible que, despu\u00e9s de todo este tiempo de pandemia,\nseguir pidi\u00e9ndole a la gente que mantenga su actividad productiva cerrada, como,\npor ejemplo, el turismo y otros rubros de la econom\u00eda regional\u201d, se\u00f1al\u00f3 la\nsenadora. <\/p>\n\n\n\n<p>Luego agreg\u00f3 que debemos ser capaces\nde convivir con el virus, mantener el aislamiento y la trazabilidad junto a las\nmedidas de protecci\u00f3n y protocolos de seguridad, pero con un paso a paso que se\nflexibilice y se adecue adem\u00e1s a la realidad regional, con medidas conversadas y\ndialogadas con actores regionales, que permita pr\u00f3ximamente empezar a abrir la\nactividad.<\/p>\n\n\n\n<p>\u201cCreo que es insostenible mantener\nuna cuarentena que nosotros vemos que no sigue ayudando a la disminuci\u00f3n de\nmovilidad. Vamos a tener que convivir con el virus durante un tiempo m\u00e1s largo\nmientras no exista una vacuna, por lo tanto, insistimos en flexibilizar y adecuar\nlas medidas a la realidad de Magallanes\u201d, concluy\u00f3 la senadora. <\/p>\n","protected":false},"excerpt":{"rendered":"<p>Como muy positiva calific\u00f3 la senadora magall\u00e1nica Carolina Goic la reuni\u00f3n sostenida con el Ministro de Salud Enrique Paris y diferentes entidades de \u00e1mbito tur\u00edstico y comercial de la provincia&#8230; <a class=\"read-more\" href=\"https:\/\/www.radiopresidenteibanez.cl\/web\/tras-reunion-con-ministro-de-salud-senadora-goic-espero-que-pronto-se-abra-la-actividad-comercial-en-la-region\/\">Leer m\u00e1s<\/a><\/p>\n","protected":false},"author":2,"featured_media":14155,"comment_status":"closed","ping_status":"closed","sticky":false,"template":"","format":"standard","meta":{"footnotes":""},"categories":[1],"tags":[],"class_list":["post-16164","post","type-post","status-publish","format-standard","has-post-thumbnail","hentry","category-cronica"],"_links":{"self":[{"href":"https:\/\/www.radiopresidenteibanez.cl\/web\/wp-json\/wp\/v2\/posts\/16164","targetHints":{"allow":["GET"]}}],"collection":[{"href":"https:\/\/www.radiopresidenteibanez.cl\/web\/wp-json\/wp\/v2\/posts"}],"about":[{"href":"https:\/\/www.radiopresidenteibanez.cl\/web\/wp-json\/wp\/v2\/types\/post"}],"author":[{"embeddable":true,"href":"https:\/\/www.radiopresidenteibanez.cl\/web\/wp-json\/wp\/v2\/users\/2"}],"replies":[{"embeddable":true,"href":"https:\/\/www.radiopresidenteibanez.cl\/web\/wp-json\/wp\/v2\/comments?post=16164"}],"version-history":[{"count":0,"href":"https:\/\/www.radiopresidenteibanez.cl\/web\/wp-json\/wp\/v2\/posts\/16164\/revisions"}],"wp:featuredmedia":[{"embeddable":true,"href":"https:\/\/www.radiopresidenteibanez.cl\/web\/wp-json\/wp\/v2\/media\/14155"}],"wp:attachment":[{"href":"https:\/\/www.radiopresidenteibanez.cl\/web\/wp-json\/wp\/v2\/media?parent=16164"}],"wp:term":[{"taxonomy":"category","embeddable":true,"href":"https:\/\/www.radiopresidenteibanez.cl\/web\/wp-json\/wp\/v2\/categories?post=16164"},{"taxonomy":"post_tag","embeddable":true,"href":"https:\/\/www.radiopresidenteibanez.cl\/web\/wp-json\/wp\/v2\/tags?post=16164"}],"curies":[{"name":"wp","href":"https:\/\/api.w.org\/{rel}","templated":true}]}}