{"id":1616,"date":"2019-02-26T00:43:00","date_gmt":"2019-02-26T00:43:00","guid":{"rendered":"http:\/\/www.radiopresidenteibanez.cl\/web\/?p=1616"},"modified":"2019-02-26T00:43:56","modified_gmt":"2019-02-26T00:43:56","slug":"robo-por-cerca-de-36-millones-de-pesos-afecto-a-la-empresa-transpetrol-en-el-kilometro-50-de-la-ruta-9-norte-de-punta-arenas","status":"publish","type":"post","link":"https:\/\/www.radiopresidenteibanez.cl\/web\/robo-por-cerca-de-36-millones-de-pesos-afecto-a-la-empresa-transpetrol-en-el-kilometro-50-de-la-ruta-9-norte-de-punta-arenas\/","title":{"rendered":"ROBO POR CERCA DE 36 MILLONES DE PESOS AFECT\u00d3 A LA EMPRESA \u201cTRANSPETROL\u201d EN EL KIL\u00d3METRO 50 DE LA RUTA 9 NORTE DE PUNTA ARENAS"},"content":{"rendered":"\n<p>En horas de la ma\u00f1ana de este\nlunes, un robo qued\u00f3 al descubierto en el kil\u00f3metro 50 de la ruta 9 norte en\nPunta Arenas, en el lugar se encuentran realizando obras de una bencinera y\nautoservicio, por lo anterior hasta el lugar debieron concurrir personal de\nCarabineros, para comenzar las pericias correspondientes, el avalu\u00f3 de lo sustra\u00eddo\nalcanza los 36 millones de pesos.<\/p>\n\n\n\n<p>Hasta el cierre de esta edici\u00f3n,\na\u00fan no existen personas detenidas por el il\u00edcito.<\/p>\n","protected":false},"excerpt":{"rendered":"<p>En horas de la ma\u00f1ana de este lunes, un robo qued\u00f3 al descubierto en el kil\u00f3metro 50 de la ruta 9 norte en Punta Arenas, en el lugar se encuentran&#8230; <a class=\"read-more\" href=\"https:\/\/www.radiopresidenteibanez.cl\/web\/robo-por-cerca-de-36-millones-de-pesos-afecto-a-la-empresa-transpetrol-en-el-kilometro-50-de-la-ruta-9-norte-de-punta-arenas\/\">Leer m\u00e1s<\/a><\/p>\n","protected":false},"author":2,"featured_media":1617,"comment_status":"closed","ping_status":"closed","sticky":false,"template":"","format":"standard","meta":{"footnotes":""},"categories":[1,6],"tags":[],"class_list":["post-1616","post","type-post","status-publish","format-standard","has-post-thumbnail","hentry","category-cronica","category-policial"],"_links":{"self":[{"href":"https:\/\/www.radiopresidenteibanez.cl\/web\/wp-json\/wp\/v2\/posts\/1616","targetHints":{"allow":["GET"]}}],"collection":[{"href":"https:\/\/www.radiopresidenteibanez.cl\/web\/wp-json\/wp\/v2\/posts"}],"about":[{"href":"https:\/\/www.radiopresidenteibanez.cl\/web\/wp-json\/wp\/v2\/types\/post"}],"author":[{"embeddable":true,"href":"https:\/\/www.radiopresidenteibanez.cl\/web\/wp-json\/wp\/v2\/users\/2"}],"replies":[{"embeddable":true,"href":"https:\/\/www.radiopresidenteibanez.cl\/web\/wp-json\/wp\/v2\/comments?post=1616"}],"version-history":[{"count":0,"href":"https:\/\/www.radiopresidenteibanez.cl\/web\/wp-json\/wp\/v2\/posts\/1616\/revisions"}],"wp:featuredmedia":[{"embeddable":true,"href":"https:\/\/www.radiopresidenteibanez.cl\/web\/wp-json\/wp\/v2\/media\/1617"}],"wp:attachment":[{"href":"https:\/\/www.radiopresidenteibanez.cl\/web\/wp-json\/wp\/v2\/media?parent=1616"}],"wp:term":[{"taxonomy":"category","embeddable":true,"href":"https:\/\/www.radiopresidenteibanez.cl\/web\/wp-json\/wp\/v2\/categories?post=1616"},{"taxonomy":"post_tag","embeddable":true,"href":"https:\/\/www.radiopresidenteibanez.cl\/web\/wp-json\/wp\/v2\/tags?post=1616"}],"curies":[{"name":"wp","href":"https:\/\/api.w.org\/{rel}","templated":true}]}}