{"id":16155,"date":"2020-11-20T03:00:00","date_gmt":"2020-11-20T03:00:00","guid":{"rendered":"https:\/\/www.radiopresidenteibanez.cl\/web\/?p=16155"},"modified":"2020-11-19T12:08:32","modified_gmt":"2020-11-19T12:08:32","slug":"junaeb-ya-cuenta-con-modulos-de-revalidacion-de-la-tne-en-punta-arenas","status":"publish","type":"post","link":"https:\/\/www.radiopresidenteibanez.cl\/web\/junaeb-ya-cuenta-con-modulos-de-revalidacion-de-la-tne-en-punta-arenas\/","title":{"rendered":"JUNAEB YA CUENTA CON M\u00d3DULOS DE REVALIDACI\u00d3N DE LA TNE EN PUNTA ARENAS"},"content":{"rendered":"\n<p>Con el fin de facilitar la revalidaci\u00f3n de la Tarjeta Nacional Estudiantil (TNE), la Junta Nacional de Auxilio Escolar y Becas (Junaeb) ya cuenta con m\u00f3dulos habilitados de revalidaci\u00f3n y\/o pegado de sellos en Punta Arenas.<\/p>\n\n\n\n<p><strong>Sedes de Revalidaci\u00f3n:&nbsp;<\/strong>Escuela Bernardo O\u00b4Higgins, Instituto Don Bosco y en la oficina regional de Junaeb<\/p>\n\n\n\n<p><strong>Horarios de atenci\u00f3n:&nbsp;<\/strong>De lunes a viernes en horario de 09:00 a 13:00 horas.<\/p>\n\n\n\n<p>Es importante realizar la Revalidaci\u00f3n antes del 30 noviembre, fecha en expira su vigencia. Este tr\u00e1mite deben realizarlo todos los estudiantes de la regi\u00f3n que cursen 6\u00b0 a 8\u00b0 b\u00e1sico, 2\u00b0 a 4\u00b0 medio y de segundo a\u00f1o de ense\u00f1anza superior en adelante para revalidar sus tarjetas y mantener el pago diferenciado de locomoci\u00f3n.<\/p>\n\n\n\n<p><strong>Los estudiantes que pasaron a 5\u00ba b\u00e1sico, ingresaron a 1\u00ba medio y por primera vez asisten a la educaci\u00f3n superior, deben obtener una nueva TNE.<\/strong><\/p>\n\n\n\n<p>Para evitar aglomeraciones y no retrasar el proceso, quienes no cuenten todav\u00eda con la foto necesaria para este documento, pueden ingresar a&nbsp;<a href=\"https:\/\/tomatelafoto.tne.cl\/\" target=\"_blank\" rel=\"noreferrer noopener\">https:\/\/tomatelafoto.tne.cl<\/a>&nbsp;para subir una imagen de su c\u00e9dula de identidad y tomarse la foto siguiendo las recomendaciones del sitio.<\/p>\n\n\n\n<p>A trav\u00e9s de la web, los estudiantes pueden agendar una visita al m\u00f3dulo TNE ubicado en la Direcci\u00f3n Regional de Junaeb para realizar el tr\u00e1mite de reposici\u00f3n, captura fotogr\u00e1fica (TNE Nueva) y entrega de TNE. La visita se programa mediante agenda de atenci\u00f3n virtual disponible en plataforma web TNE (&nbsp;<a href=\"http:\/\/www.tne.cl\/\" target=\"_blank\" rel=\"noreferrer noopener\">www.tne.cl<\/a>).<\/p>\n\n\n\n<p>Tambi\u00e9n es posible agendar directamente con:<\/p>\n\n\n\n<p>Operador de m\u00f3dulo TNE:&nbsp;<strong>Jorge Leyton Argando\u00f1a<\/strong><strong><\/strong><\/p>\n\n\n\n<p>Celular:&nbsp;<strong>9\/50243445<\/strong><strong><\/strong><\/p>\n\n\n\n<p>Coro electr\u00f3nico:&nbsp;<a href=\"mailto:jleyton.tnepuntaarenas@infer.cl\">jleyton.tnepuntaarenas@infer.cl<\/a><\/p>\n","protected":false},"excerpt":{"rendered":"<p>Con el fin de facilitar la revalidaci\u00f3n de la Tarjeta Nacional Estudiantil (TNE), la Junta Nacional de Auxilio Escolar y Becas (Junaeb) ya cuenta con m\u00f3dulos habilitados de revalidaci\u00f3n y\/o&#8230; <a class=\"read-more\" href=\"https:\/\/www.radiopresidenteibanez.cl\/web\/junaeb-ya-cuenta-con-modulos-de-revalidacion-de-la-tne-en-punta-arenas\/\">Leer m\u00e1s<\/a><\/p>\n","protected":false},"author":2,"featured_media":16156,"comment_status":"closed","ping_status":"closed","sticky":false,"template":"","format":"standard","meta":{"footnotes":""},"categories":[1],"tags":[],"class_list":["post-16155","post","type-post","status-publish","format-standard","has-post-thumbnail","hentry","category-cronica"],"_links":{"self":[{"href":"https:\/\/www.radiopresidenteibanez.cl\/web\/wp-json\/wp\/v2\/posts\/16155","targetHints":{"allow":["GET"]}}],"collection":[{"href":"https:\/\/www.radiopresidenteibanez.cl\/web\/wp-json\/wp\/v2\/posts"}],"about":[{"href":"https:\/\/www.radiopresidenteibanez.cl\/web\/wp-json\/wp\/v2\/types\/post"}],"author":[{"embeddable":true,"href":"https:\/\/www.radiopresidenteibanez.cl\/web\/wp-json\/wp\/v2\/users\/2"}],"replies":[{"embeddable":true,"href":"https:\/\/www.radiopresidenteibanez.cl\/web\/wp-json\/wp\/v2\/comments?post=16155"}],"version-history":[{"count":0,"href":"https:\/\/www.radiopresidenteibanez.cl\/web\/wp-json\/wp\/v2\/posts\/16155\/revisions"}],"wp:featuredmedia":[{"embeddable":true,"href":"https:\/\/www.radiopresidenteibanez.cl\/web\/wp-json\/wp\/v2\/media\/16156"}],"wp:attachment":[{"href":"https:\/\/www.radiopresidenteibanez.cl\/web\/wp-json\/wp\/v2\/media?parent=16155"}],"wp:term":[{"taxonomy":"category","embeddable":true,"href":"https:\/\/www.radiopresidenteibanez.cl\/web\/wp-json\/wp\/v2\/categories?post=16155"},{"taxonomy":"post_tag","embeddable":true,"href":"https:\/\/www.radiopresidenteibanez.cl\/web\/wp-json\/wp\/v2\/tags?post=16155"}],"curies":[{"name":"wp","href":"https:\/\/api.w.org\/{rel}","templated":true}]}}