{"id":16149,"date":"2020-11-18T21:52:07","date_gmt":"2020-11-18T21:52:07","guid":{"rendered":"https:\/\/www.radiopresidenteibanez.cl\/web\/?p=16149"},"modified":"2020-11-18T21:52:13","modified_gmt":"2020-11-18T21:52:13","slug":"prodemu-magallanes-invita-a-participar-en-el-primer-festival-virtual-voz-de-mujer-ano-2020","status":"publish","type":"post","link":"https:\/\/www.radiopresidenteibanez.cl\/web\/prodemu-magallanes-invita-a-participar-en-el-primer-festival-virtual-voz-de-mujer-ano-2020\/","title":{"rendered":"PRODEMU MAGALLANES INVITA A PARTICIPAR EN EL PRIMER FESTIVAL VIRTUAL VOZ DE MUJER A\u00d1O 2020"},"content":{"rendered":"\n<p>Contribuir\nal proceso de empoderamiento y desarrollo personal de las mujeres, mediante la\nm\u00fasica y canto como una forma de comunicaci\u00f3n es el principal objetivo del\nprimer \u201cFestival Virtual Voz de Mujer a\u00f1o 2020\u201d, que ha organizado PRODEMU\nMagallanes y la Ant\u00e1rtica Chilena.<\/p>\n\n\n\n<p>La directora regional, Gabriela S\u00e1nchez Ca\u00f1ete, explic\u00f3 que\nesta iniciativa se inserta en el mes de aniversario en que la Fundaci\u00f3n para la\nPromoci\u00f3n y Desarrollo de la Mujer (PRODEMU) cumple 30 a\u00f1os en el territorio,\ncon presencia a nivel de las 15 regiones, trabajando con compromiso y\nprofesionalismo para la autonom\u00eda y empoderamiento de las mujeres.<\/p>\n\n\n\n<p>\u201cMotivadas y motivados por\ngenerar un espacio de encuentro centrado en la m\u00fasica, que contribuya a elevar\nel esp\u00edritu, el estado de \u00e1nimo, a alivianar las preocupaciones que hoy en\npandemia se agudizan y multiplican, hemos lanzado este Festival de Voces de\nMujer con convocatoria regional, por lo que esperamos que muchas mujeres se\ninscriban y participen\u201d, se\u00f1al\u00f3 la directora regional.<\/p>\n\n\n\n<p>Las personas interesadas en\nparticipar pueden solicitar el formulario de inscripci\u00f3n junto a las\nrespectivas bases, a trav\u00e9s del correo electr\u00f3nico: <a href=\"mailto:mcuevas@prodemu.cl\">mcuevas@prodemu.cl<\/a><\/p>\n\n\n\n<p>Para concretar la inscripci\u00f3n, los\nantecedentes requeridos e indicados precedentemente, deber\u00e1n enviarse al mail <a href=\"mailto:mletelier@prodemu.cl\">mletelier@prodemu.cl <\/a>a m\u00e1s tardar al 23 de noviembre hasta las 24 horas.<\/p>\n\n\n\n<p><strong>Requisitos<\/strong><strong><\/strong><\/p>\n\n\n\n<p>Podr\u00e1n participar mujeres a partir de los 15 a\u00f1os de edad\nque residan en la regi\u00f3n de Magallanes y Ant\u00e1rtica Chilena; en las modalidades\nde solistas o d\u00fao; y no podr\u00e1n participar composiciones con mensajes que\natenten contra la igual de g\u00e9nero y el buen trato entre las personas.<\/p>\n\n\n\n<p>En relaci\u00f3n a las categor\u00edas del certamen ser\u00e1n\nconsideradas canciones con pertinencia regional folcl\u00f3rica (temas de la\nPatagonia); todo competidor g\u00e9nero popular.<br><\/p>\n\n\n\n<p>De acuerdo a lo establecido, el\nperiodo de preselecci\u00f3n ser\u00e1 del 24 al 30 de noviembre; la competencia del 01\nal 06 de diciembre; y la entrega y difusi\u00f3n de resultados el 12 de diciembre.<\/p>\n","protected":false},"excerpt":{"rendered":"<p>Contribuir al proceso de empoderamiento y desarrollo personal de las mujeres, mediante la m\u00fasica y canto como una forma de comunicaci\u00f3n es el principal objetivo del primer \u201cFestival Virtual Voz&#8230; <a class=\"read-more\" href=\"https:\/\/www.radiopresidenteibanez.cl\/web\/prodemu-magallanes-invita-a-participar-en-el-primer-festival-virtual-voz-de-mujer-ano-2020\/\">Leer m\u00e1s<\/a><\/p>\n","protected":false},"author":2,"featured_media":16150,"comment_status":"closed","ping_status":"closed","sticky":false,"template":"","format":"standard","meta":{"footnotes":""},"categories":[1],"tags":[],"class_list":["post-16149","post","type-post","status-publish","format-standard","has-post-thumbnail","hentry","category-cronica"],"_links":{"self":[{"href":"https:\/\/www.radiopresidenteibanez.cl\/web\/wp-json\/wp\/v2\/posts\/16149","targetHints":{"allow":["GET"]}}],"collection":[{"href":"https:\/\/www.radiopresidenteibanez.cl\/web\/wp-json\/wp\/v2\/posts"}],"about":[{"href":"https:\/\/www.radiopresidenteibanez.cl\/web\/wp-json\/wp\/v2\/types\/post"}],"author":[{"embeddable":true,"href":"https:\/\/www.radiopresidenteibanez.cl\/web\/wp-json\/wp\/v2\/users\/2"}],"replies":[{"embeddable":true,"href":"https:\/\/www.radiopresidenteibanez.cl\/web\/wp-json\/wp\/v2\/comments?post=16149"}],"version-history":[{"count":0,"href":"https:\/\/www.radiopresidenteibanez.cl\/web\/wp-json\/wp\/v2\/posts\/16149\/revisions"}],"wp:featuredmedia":[{"embeddable":true,"href":"https:\/\/www.radiopresidenteibanez.cl\/web\/wp-json\/wp\/v2\/media\/16150"}],"wp:attachment":[{"href":"https:\/\/www.radiopresidenteibanez.cl\/web\/wp-json\/wp\/v2\/media?parent=16149"}],"wp:term":[{"taxonomy":"category","embeddable":true,"href":"https:\/\/www.radiopresidenteibanez.cl\/web\/wp-json\/wp\/v2\/categories?post=16149"},{"taxonomy":"post_tag","embeddable":true,"href":"https:\/\/www.radiopresidenteibanez.cl\/web\/wp-json\/wp\/v2\/tags?post=16149"}],"curies":[{"name":"wp","href":"https:\/\/api.w.org\/{rel}","templated":true}]}}