{"id":16146,"date":"2020-11-18T20:59:54","date_gmt":"2020-11-18T20:59:54","guid":{"rendered":"https:\/\/www.radiopresidenteibanez.cl\/web\/?p=16146"},"modified":"2020-11-18T21:00:00","modified_gmt":"2020-11-18T21:00:00","slug":"vocero-de-gobierno-por-rechazo-a-presupuesto-de-liceos-bicentenario-es-incomprensible-decirle-a-90-mil-estudiantes-vulnerables-que-no-tienen-cabida-en-la-calidad-de-la-educacion-publica","status":"publish","type":"post","link":"https:\/\/www.radiopresidenteibanez.cl\/web\/vocero-de-gobierno-por-rechazo-a-presupuesto-de-liceos-bicentenario-es-incomprensible-decirle-a-90-mil-estudiantes-vulnerables-que-no-tienen-cabida-en-la-calidad-de-la-educacion-publica\/","title":{"rendered":"VOCERO DE GOBIERNO POR RECHAZO A PRESUPUESTO DE LICEOS BICENTENARIO: \u201cES INCOMPRENSIBLE DECIRLE A 90 MIL ESTUDIANTES VULNERABLES QUE NO TIENEN CABIDA EN LA CALIDAD DE LA EDUCACI\u00d3N P\u00daBLICA\u201d"},"content":{"rendered":"\n<p>Tras\nel rechazo en la C\u00e1mara de Diputados al Presupuesto de Liceos Bicentenario, el\nMinistro de Educaci\u00f3n, Ra\u00fal Figueroa, junto al Vocero de Gobierno, Jaime\nBellolio, se reuni\u00f3 con directores de Liceos Bicentenario para conversar sobre\nla importancia de la Red Bicentenario y sus impactos positivos en la comunidad\neducativa.<\/p>\n\n\n\n<p>\u201cAyer\nlos diputados de oposici\u00f3n rechazaron otorgar recursos a los nuevos Liceos\nBicentenario, decisi\u00f3n que nos afecta como Ministerio de Educaci\u00f3n, pero\nprincipalmente desconoce la preferencia de miles de familias del pa\u00eds y les da\nun portazo a tener nuevas oportunidades para mejorar la calidad de la educaci\u00f3n\nde sus hijos. Este a\u00f1o postularon 407 Liceos a la Red Bicentenario siendo la m\u00e1s alta de todas las convocatorias. Al igual que el a\u00f1o pasado, este a\u00f1o los Liceos Bicentenario tuvieron las mayores preferencias de los apoderados en el Sistema\nde Admisi\u00f3n Escolar, presentando 4 veces m\u00e1s postulaciones que otros establecimientos, lo que demuestra que es un proyecto\nvalorado por las familias del pa\u00eds\u201d, se\u00f1al\u00f3\nel ministro de Educaci\u00f3n, Ra\u00fal Figueroa.<\/p>\n\n\n\n<p>Por su parte, el Ministro Jaime\nBellolio, asegur\u00f3 que \u201cla preocupaci\u00f3n por la calidad\nde la educaci\u00f3n p\u00fablica no pasa s\u00f3lo por referirse a ella en los programas de televisi\u00f3n o escribir frases bonitas, sino que en la acci\u00f3n concreta. Es\nincomprensible decirles a m\u00e1s de 90 mil estudiantes vulnerables a lo largo de todo el pa\u00eds, que ellos no\ntienen cabida en la calidad de la educaci\u00f3n p\u00fablica. Es incomprensible que\npretendan transformar una pol\u00edtica de Estado, como son los Liceos Bicentenario,\nen una caricatura. La idea de coartar oportunidades simplemente por una\ncuesti\u00f3n pol\u00edtica, es de una mezquindad inimaginable, porque no le est\u00e1n\nhaciendo da\u00f1o al Gobierno, le hacen da\u00f1o a los sue\u00f1os de miles de familias que\nesperan en la educaci\u00f3n p\u00fablica encontrar un espacio donde sus virtudes, donde\nsus talentos, puedan florecer. Les pedir\u00eda a los senadores que reparen este\ngrosero error que han cometido los diputados\u00bb.<\/p>\n\n\n\n<p>Manuel\nOlave, director del Liceo Bicentenario Polit\u00e9cnico de San Joaqu\u00edn, estuvo\npresente en el conversatorio y aprovech\u00f3 la instancia para invitar a los\ndiputados a conocer la realidad de su establecimiento.<\/p>\n\n\n\n<p>\u201cInvito\na los parlamentarios a que nos conozcan, que vayan a nuestros liceos, que vean\nnuestras realidades y que despu\u00e9s aprieten el bot\u00f3n (para votar), pero primero\ncon\u00f3zcanos. Este proyecto Bicentenario, nos permite\na liceos con altos \u00edndices\nde vulnerabilidad entregar\nmejores condiciones<br><\/p>\n\n\n\n<p>para\nla comunidad, para el pa\u00eds. Son familias que est\u00e1n felices que nuestro liceo\nsea un Bicentenario, me pregunto \u00bfc\u00f3mo se pueden decisiones sin conocer las\nrealidades? Nosotros estamos agradecidos y tremendamente comprometidos con este\nproyecto porque da mejores oportunidades para nuestros estudiantes que son el\nfuturo de Chile\u201d, indic\u00f3 Olave.<\/p>\n\n\n\n<p>Para\nmarzo de 2021 se deber\u00edan sumar otros 100 establecimientos a la red, y as\u00ed\nampliarse a 300 Liceos Bicentenario. Para estos cupos ya postularon 407\ncolegios y liceos de 195 comunas a lo largo del pa\u00eds, lo que demuestra el alto\ninter\u00e9s por ser parte de este grupo.<\/p>\n\n\n\n<p>La valoraci\u00f3n por estos establecimientos tambi\u00e9n viene por parte de las familias, ya que de acuerdo\na las \u00faltimas solicitudes del Sistema de Admisi\u00f3n Escolar (SAE), estos liceos\nobtuvieron en promedio cuatro postulaciones m\u00e1s que otro colegio secundario.<\/p>\n\n\n\n<p><strong>Resultados de Liceos\nBicentenario<\/strong><\/p>\n\n\n\n<p>La Red P\u00fablica de Excelencia Escolar de Liceos Bicentenario\ncomenz\u00f3 en el primer gobierno del Presidente Pi\u00f1era con 40 establecimientos, y\nse fue ampliando debido a sus buenos resultados.<\/p>\n\n\n\n<p>Estos liceos son los que m\u00e1s han aumentado sus puntajes PSU desde el 2010 con un 10% promedio\npara Matem\u00e1tica y Lenguaje. Resultados favorables tambi\u00e9n se observan en cuanto\nal Simce, ya que los 123 Liceos Bicentenario que rindieron la prueba de 8\u00b0\nb\u00e1sico lograron puntajes mayores al promedio nacional en lenguaje, matem\u00e1tica e historia.<\/p>\n","protected":false},"excerpt":{"rendered":"<p>Tras el rechazo en la C\u00e1mara de Diputados al Presupuesto de Liceos Bicentenario, el Ministro de Educaci\u00f3n, Ra\u00fal Figueroa, junto al Vocero de Gobierno, Jaime Bellolio, se reuni\u00f3 con directores&#8230; <a class=\"read-more\" href=\"https:\/\/www.radiopresidenteibanez.cl\/web\/vocero-de-gobierno-por-rechazo-a-presupuesto-de-liceos-bicentenario-es-incomprensible-decirle-a-90-mil-estudiantes-vulnerables-que-no-tienen-cabida-en-la-calidad-de-la-educacion-publica\/\">Leer m\u00e1s<\/a><\/p>\n","protected":false},"author":2,"featured_media":16147,"comment_status":"closed","ping_status":"closed","sticky":false,"template":"","format":"standard","meta":{"footnotes":""},"categories":[1],"tags":[],"class_list":["post-16146","post","type-post","status-publish","format-standard","has-post-thumbnail","hentry","category-cronica"],"_links":{"self":[{"href":"https:\/\/www.radiopresidenteibanez.cl\/web\/wp-json\/wp\/v2\/posts\/16146","targetHints":{"allow":["GET"]}}],"collection":[{"href":"https:\/\/www.radiopresidenteibanez.cl\/web\/wp-json\/wp\/v2\/posts"}],"about":[{"href":"https:\/\/www.radiopresidenteibanez.cl\/web\/wp-json\/wp\/v2\/types\/post"}],"author":[{"embeddable":true,"href":"https:\/\/www.radiopresidenteibanez.cl\/web\/wp-json\/wp\/v2\/users\/2"}],"replies":[{"embeddable":true,"href":"https:\/\/www.radiopresidenteibanez.cl\/web\/wp-json\/wp\/v2\/comments?post=16146"}],"version-history":[{"count":0,"href":"https:\/\/www.radiopresidenteibanez.cl\/web\/wp-json\/wp\/v2\/posts\/16146\/revisions"}],"wp:featuredmedia":[{"embeddable":true,"href":"https:\/\/www.radiopresidenteibanez.cl\/web\/wp-json\/wp\/v2\/media\/16147"}],"wp:attachment":[{"href":"https:\/\/www.radiopresidenteibanez.cl\/web\/wp-json\/wp\/v2\/media?parent=16146"}],"wp:term":[{"taxonomy":"category","embeddable":true,"href":"https:\/\/www.radiopresidenteibanez.cl\/web\/wp-json\/wp\/v2\/categories?post=16146"},{"taxonomy":"post_tag","embeddable":true,"href":"https:\/\/www.radiopresidenteibanez.cl\/web\/wp-json\/wp\/v2\/tags?post=16146"}],"curies":[{"name":"wp","href":"https:\/\/api.w.org\/{rel}","templated":true}]}}