{"id":16138,"date":"2020-11-18T14:35:24","date_gmt":"2020-11-18T14:35:24","guid":{"rendered":"https:\/\/www.radiopresidenteibanez.cl\/web\/?p=16138"},"modified":"2020-11-18T14:35:29","modified_gmt":"2020-11-18T14:35:29","slug":"concejales-acusan-incumplimiento-de-compromiso-por-parte-del-acalde-de-punta-arenas","status":"publish","type":"post","link":"https:\/\/www.radiopresidenteibanez.cl\/web\/concejales-acusan-incumplimiento-de-compromiso-por-parte-del-acalde-de-punta-arenas\/","title":{"rendered":"CONCEJALES ACUSAN INCUMPLIMIENTO DE COMPROMISO POR PARTE DEL ACALDE DE PUNTA ARENAS"},"content":{"rendered":"\n<p>El pasado\n30 de octubre se public\u00f3 en el portal de Mercado Publico, la licitaci\u00f3n de\nConcesi\u00f3n de Control de Estacionamientos por un periodo de 5 a\u00f1os.<\/p>\n\n\n\n<p>Para la\nmayor\u00eda de los concejales, esta situaci\u00f3n fue sorpresiva, pues se hab\u00eda\nconsultado en reiteradas oportunidades al respecto sin respuesta por parte de\nla administraci\u00f3n municipal. <\/p>\n\n\n\n<p>Dentro de\nlas bases, lo que m\u00e1s ha molestado a los ediles comunales es con respecto a la\nremuneraci\u00f3n, que con decreto municipal firmado por el Alcalde Radonich,\nestablece un sueldo m\u00ednimo mensual de 430 mil pesos, desconociendo por completo\nel compromiso establecido en sesi\u00f3n de concejo con este cuerpo colegiado y con\nlos futuros trabajadores de esta concesi\u00f3n.<\/p>\n\n\n\n<p>Los\nConcejales, se\u00f1alan que hubo un acuerdo, de incorporar un sueldo m\u00ednimo de 500\nmil pesos, se sugiri\u00f3 a la unidad t\u00e9cnica incorporarlo en las bases, sin\nembargo, el Alcalde y su administraci\u00f3n, ha borrado con el codo lo que se firm\u00f3\ncon la mano, subi\u00f3 una licitaci\u00f3n tan importante para la comuna, sin informar\np\u00fablicamente al respecto, se est\u00e1 actuando de manera poco transparente.<\/p>\n\n\n\n<p>La\nlicitaci\u00f3n comprende la entrega de 1723 espacios de estacionamientos en el\nCentro de la ciudad, con una tarifa de $20 el minuto en el a\u00f1o 2021, la cual va\nen aumento cada a\u00f1o de concesi\u00f3n, contempl\u00e1ndose la contrataci\u00f3n de 69\ntrabajadores Guardia Ayudas.<\/p>\n\n\n\n<p>Al no\nrespetar el acuerdo del Sueldo M\u00ednimo Liquido de $500.000.- cada trabajador\ntiene un menoscabo de $70.000.- lo que implica una suma total de&nbsp; $4.830.000.- suma irrisoria considerado que\nsi solo se ocupan 1 de cada 2 estacionamientos concesionados, el ingreso bruto\nmensual de la concesionaria alcanzar\u00eda&nbsp;\nun monto superior a los $270.000.000.-<\/p>\n\n\n\n<p>En la\nactual licitaci\u00f3n se establecen otras cl\u00e1usulas que tambi\u00e9n han generado dudas\nen los concejales, pero todos concordaron que lo que m\u00e1s molesta es que en estos\ntiempos donde la situaci\u00f3n es compleja, donde hubo un acuerdo, este no se\ncumpla y se perjudica a los trabajadores, trabajadoras y sus familias, acusando\ndirectamente al Alcalde por incumplir los compromisos, por faltarle el respeto\nal concejo municipal.<\/p>\n\n\n\n<p>Firmaron la\nmisiva los concejales, Mauricio Bahamonde, Arturo Diaz, Jos\u00e9 Aguilante,\nDaniella Panicucci, Ver\u00f3nica Aguilar, Alejandro Soler<\/p>\n","protected":false},"excerpt":{"rendered":"<p>El pasado 30 de octubre se public\u00f3 en el portal de Mercado Publico, la licitaci\u00f3n de Concesi\u00f3n de Control de Estacionamientos por un periodo de 5 a\u00f1os. Para la mayor\u00eda&#8230; <a class=\"read-more\" href=\"https:\/\/www.radiopresidenteibanez.cl\/web\/concejales-acusan-incumplimiento-de-compromiso-por-parte-del-acalde-de-punta-arenas\/\">Leer m\u00e1s<\/a><\/p>\n","protected":false},"author":2,"featured_media":6060,"comment_status":"closed","ping_status":"closed","sticky":false,"template":"","format":"standard","meta":{"footnotes":""},"categories":[1],"tags":[],"class_list":["post-16138","post","type-post","status-publish","format-standard","has-post-thumbnail","hentry","category-cronica"],"_links":{"self":[{"href":"https:\/\/www.radiopresidenteibanez.cl\/web\/wp-json\/wp\/v2\/posts\/16138","targetHints":{"allow":["GET"]}}],"collection":[{"href":"https:\/\/www.radiopresidenteibanez.cl\/web\/wp-json\/wp\/v2\/posts"}],"about":[{"href":"https:\/\/www.radiopresidenteibanez.cl\/web\/wp-json\/wp\/v2\/types\/post"}],"author":[{"embeddable":true,"href":"https:\/\/www.radiopresidenteibanez.cl\/web\/wp-json\/wp\/v2\/users\/2"}],"replies":[{"embeddable":true,"href":"https:\/\/www.radiopresidenteibanez.cl\/web\/wp-json\/wp\/v2\/comments?post=16138"}],"version-history":[{"count":0,"href":"https:\/\/www.radiopresidenteibanez.cl\/web\/wp-json\/wp\/v2\/posts\/16138\/revisions"}],"wp:featuredmedia":[{"embeddable":true,"href":"https:\/\/www.radiopresidenteibanez.cl\/web\/wp-json\/wp\/v2\/media\/6060"}],"wp:attachment":[{"href":"https:\/\/www.radiopresidenteibanez.cl\/web\/wp-json\/wp\/v2\/media?parent=16138"}],"wp:term":[{"taxonomy":"category","embeddable":true,"href":"https:\/\/www.radiopresidenteibanez.cl\/web\/wp-json\/wp\/v2\/categories?post=16138"},{"taxonomy":"post_tag","embeddable":true,"href":"https:\/\/www.radiopresidenteibanez.cl\/web\/wp-json\/wp\/v2\/tags?post=16138"}],"curies":[{"name":"wp","href":"https:\/\/api.w.org\/{rel}","templated":true}]}}