{"id":16135,"date":"2020-11-18T14:11:43","date_gmt":"2020-11-18T14:11:43","guid":{"rendered":"https:\/\/www.radiopresidenteibanez.cl\/web\/?p=16135"},"modified":"2020-11-18T14:11:49","modified_gmt":"2020-11-18T14:11:49","slug":"epaustral-y-otic-sofofa-articulan-acciones-ofreciendo-curso-para-la-comunidad-de-porvenir-por-intermedio-del-cft-estatal-de-magallanes","status":"publish","type":"post","link":"https:\/\/www.radiopresidenteibanez.cl\/web\/epaustral-y-otic-sofofa-articulan-acciones-ofreciendo-curso-para-la-comunidad-de-porvenir-por-intermedio-del-cft-estatal-de-magallanes\/","title":{"rendered":"EPAUSTRAL Y OTIC SOFOFA ARTICULAN ACCIONES OFRECIENDO CURSO PARA LA COMUNIDAD DE PORVENIR POR INTERMEDIO DEL CFT ESTATAL DE MAGALLANES"},"content":{"rendered":"\n<p>Una funcionaria y diez estudiantes del CFT Estatal de Magallanes junto a\ndos familiares de estos \u00faltimos, todos habitantes de la comuna de Porvenir,\nresultaron beneficiados con la participaci\u00f3n en el curso <em>\u201cManejo Computacional de Office A Nivel Usuario\u201d <\/em>promovido por OTIC\nSOFOFA con el apoyo y patrocinio de la Empresa Portuaria Austral.<\/p>\n\n\n\n<p>La capacitaci\u00f3n con fecha de inicio el 16 de noviembre, ser\u00e1 impartida\ntotalmente en l\u00ednea atendiendo los resguardos sanitarios, tiene una duraci\u00f3n de\n36 horas y cuenta como objetivo espec\u00edfico el desarrollar en los participantes\nhabilidades para: usar la planilla de c\u00e1lculo en Excel, manejar el procesador\nde texto Word, aplicar t\u00e9cnicas de comunicaci\u00f3n por correo Outlook y la preparaci\u00f3n\nde presentaciones con power point.<\/p>\n\n\n\n<p>Mery Ruiz, Jefa del \u00c1rea Acad\u00e9mica del CFT Estatal de Magallanes y una de\nlas involucradas en la canalizaci\u00f3n de este beneficio para parte de la comunidad\nfueguina a trav\u00e9s de la instituci\u00f3n, se\u00f1ala \u201cEs muy significativo para nosotros\ncomo CFT poder visibilizar a nuestros estudiantes, sus familiares y\nfuncionarios, como representantes de la comuna de Porvenir; facilitando a\ntrav\u00e9s de nuestra relaci\u00f3n directa con ellos el acceso como habitantes de la\nTierra del Fuego a mayores oportunidades de aprendizaje, crecimiento y\ndesarrollo de sus habilidades\u201d, destac\u00f3 <\/p>\n\n\n\n<p>\u201cEn Otic Sofofa creemos que potenciando el capital humano a trav\u00e9s de la\ncapacitaci\u00f3n podemos contribuir al crecimiento y desarrollo de nuestra regi\u00f3n y\ndel pa\u00eds. Es por ello que cada a\u00f1o, buscamos conformar una relaci\u00f3n m\u00e1s social\nentre las empresas que mantienen saldos remanentes en sus cuentas de excedentes\ne instituciones educacionales, comunitarias, fundaciones, etc., que quieran\nrecibir cursos de capacitaci\u00f3n gratuitos para sus integrantes\u201d, reflexiona el\nagente de Otic Sofofa para Punta Arenas y Magallanes, V\u00edctor Figueroa, a lo\ncual a\u00f1adi\u00f3: \u201cEs as\u00ed que, mediante el aporte de la Empresa Portuaria Austral,\nse ha podido concretar capacitaci\u00f3n de manera virtual, en temas de manejo\ncomputacional para 13 participantes de la comunidad educativa de Centro de\nFormaci\u00f3n T\u00e9cnica de Magallanes, ubicado en la ciudad de Porvenir\u201d.<\/p>\n\n\n\n<p>A su vez, el Gerente General de la Empresa Portuaria Austral, Rodrigo\nPommiez expresa que \u201cestamos muy contentos por haber concretado esta\ncapacitaci\u00f3n, pues va en directo beneficio de la comunidad de Porvenir. Como\nempresa estamos presente en diversos puntos de la regi\u00f3n, por lo que valoramos\nestas instancias que nos permiten reforzar el relacionamiento y colaborar con\nlas comunidades en que estamos insertos\u201d.<\/p>\n\n\n\n<p>\u201cParte del compromiso de nuestra Instituci\u00f3n es tender puentes con los\ndiversos sectores del \u00e1mbito regional: Comunidad Educativa, sector productivo,\ngremios, vecinos y dem\u00e1s actores, con el firme objetivo de promover instancias\nde aprendizaje y desarrollo. Que el CFT adem\u00e1s de ofrecer Carreras T\u00e9cnicas\nProfesionales con calidad en sus procesos formativos, pueda lograr espacios de\ninteracci\u00f3n que permitan contribuir en la formaci\u00f3n de ciudadan\u00eda desde la\nintegraci\u00f3n y la educaci\u00f3n\u201d, a\u00f1adi\u00f3 para finalizar Christian Quezada, rector\ndel CFT Estatal.<\/p>\n","protected":false},"excerpt":{"rendered":"<p>Una funcionaria y diez estudiantes del CFT Estatal de Magallanes junto a dos familiares de estos \u00faltimos, todos habitantes de la comuna de Porvenir, resultaron beneficiados con la participaci\u00f3n en&#8230; <a class=\"read-more\" href=\"https:\/\/www.radiopresidenteibanez.cl\/web\/epaustral-y-otic-sofofa-articulan-acciones-ofreciendo-curso-para-la-comunidad-de-porvenir-por-intermedio-del-cft-estatal-de-magallanes\/\">Leer m\u00e1s<\/a><\/p>\n","protected":false},"author":2,"featured_media":16136,"comment_status":"closed","ping_status":"closed","sticky":false,"template":"","format":"standard","meta":{"footnotes":""},"categories":[1],"tags":[],"class_list":["post-16135","post","type-post","status-publish","format-standard","has-post-thumbnail","hentry","category-cronica"],"_links":{"self":[{"href":"https:\/\/www.radiopresidenteibanez.cl\/web\/wp-json\/wp\/v2\/posts\/16135","targetHints":{"allow":["GET"]}}],"collection":[{"href":"https:\/\/www.radiopresidenteibanez.cl\/web\/wp-json\/wp\/v2\/posts"}],"about":[{"href":"https:\/\/www.radiopresidenteibanez.cl\/web\/wp-json\/wp\/v2\/types\/post"}],"author":[{"embeddable":true,"href":"https:\/\/www.radiopresidenteibanez.cl\/web\/wp-json\/wp\/v2\/users\/2"}],"replies":[{"embeddable":true,"href":"https:\/\/www.radiopresidenteibanez.cl\/web\/wp-json\/wp\/v2\/comments?post=16135"}],"version-history":[{"count":0,"href":"https:\/\/www.radiopresidenteibanez.cl\/web\/wp-json\/wp\/v2\/posts\/16135\/revisions"}],"wp:featuredmedia":[{"embeddable":true,"href":"https:\/\/www.radiopresidenteibanez.cl\/web\/wp-json\/wp\/v2\/media\/16136"}],"wp:attachment":[{"href":"https:\/\/www.radiopresidenteibanez.cl\/web\/wp-json\/wp\/v2\/media?parent=16135"}],"wp:term":[{"taxonomy":"category","embeddable":true,"href":"https:\/\/www.radiopresidenteibanez.cl\/web\/wp-json\/wp\/v2\/categories?post=16135"},{"taxonomy":"post_tag","embeddable":true,"href":"https:\/\/www.radiopresidenteibanez.cl\/web\/wp-json\/wp\/v2\/tags?post=16135"}],"curies":[{"name":"wp","href":"https:\/\/api.w.org\/{rel}","templated":true}]}}