{"id":16130,"date":"2020-11-18T14:00:44","date_gmt":"2020-11-18T14:00:44","guid":{"rendered":"https:\/\/www.radiopresidenteibanez.cl\/web\/?p=16130"},"modified":"2020-11-18T14:00:49","modified_gmt":"2020-11-18T14:00:49","slug":"concejales-ppd-hacen-llegar-carta-abierta-al-pre-candidato-a-gobernador-jorge-flies-de-cara-al-desarrollo-de-la-zona","status":"publish","type":"post","link":"https:\/\/www.radiopresidenteibanez.cl\/web\/concejales-ppd-hacen-llegar-carta-abierta-al-pre-candidato-a-gobernador-jorge-flies-de-cara-al-desarrollo-de-la-zona\/","title":{"rendered":"CONCEJALES PPD HACEN LLEGAR CARTA ABIERTA AL PRE CANDIDATO A GOBERNADOR JORGE FLIES DE CARA AL DESARROLLO DE LA ZONA"},"content":{"rendered":"\n<p>Estimado Jorge Flies<\/p>\n\n\n\n<p>Candidato a Gobernador<\/p>\n\n\n\n<p>PRESENTE<\/p>\n\n\n\n<p>La elecci\u00f3n del Gobernador Regional, es un\nmomento hist\u00f3rico para nuestro pa\u00eds, no solo por lo que significa en t\u00e9rminos\nde participaci\u00f3n ciudadana, en t\u00e9rminos pol\u00edticos y de toma de decisiones, sino\nque tambi\u00e9n, para iniciar un trabajo fuerte a la descentralizaci\u00f3n territorial.&nbsp; Y en este sentido, es que creemos relevante,\nque quien a futuro ocupe tan importante cargo, debe conocer el territorio,\nnuestra regi\u00f3n y toda su extensi\u00f3n, debe ser una persona transparente, probo, y\ncon una visi\u00f3n de defensa regional y una mirada sustentable que permita un\ndesarrollo equilibrado de Magallanes.<\/p>\n\n\n\n<p>En este sentido, es que queremos exponer\nalgunas medidas importantes para nuestras comunas, sobre todo rurales, y que requiere\ndel compromiso por parte de nuestro futuro Gobernador Regional.<\/p>\n\n\n\n<p>. Mayor participaci\u00f3n, proyectos e\niniciativas destinadas al fortalecimiento en t\u00e9rminos econ\u00f3micos, sociales y de\nliderazgo de nuestras mujeres rurales.<\/p>\n\n\n\n<p>. Plan de inversi\u00f3n para reactivar nuestra\nregi\u00f3n, sobre todo en comunas como Torres del Paine, Porvenir, Punta Arenas cuyo\nprincipal motor econ\u00f3mico es el turismo local.<\/p>\n\n\n\n<p>. Solicitar ante los ministerios de\nVivienda y Desarrollo Social, un programa de vivienda, con subsidios\nestablecidos para la creaci\u00f3n y desarrollo de viviendas sociales en comunas\nrurales, que permita una proyecci\u00f3n de barrios y evitando la emigraci\u00f3n de\nvecinos y vecinas de sus sectores a comunas capitales por no tener esta\nposibilidad de contar con viviendas propias en sus ciudades de origen o donde\nhan trabajado la mayor parte de sus vidas.<\/p>\n\n\n\n<p>. Promover nuestra identidad regional, con\nrecursos no concursables, permitiendo asignaciones directas para iniciativas\nculturales y deportivas que se ejecuten en cada una de las comunas de\nMagallanes, y que ponga en valor las tradiciones y el valor cultural.<\/p>\n\n\n\n<p>Le deseamos mucho \u00e9xito en las pr\u00f3ximas\nelecciones primarias, y esperamos que, como futuro Gobernador Regional, tenga\nestas propuestas comprometidas como prioridad en su agenda.<\/p>\n\n\n\n<p>Saluda atentamente,<\/p>\n\n\n\n<p>Ver\u00f3nica Aguilar, Concejala Punta Arenas<\/p>\n\n\n\n<p>Julia Bahamondez, Concejala Laguna Blanca<\/p>\n\n\n\n<p>Javier Nancuante, Concejal Porvenir<\/p>\n\n\n\n<p>Juan Carlos Almonacid, Concejal Torres del\nPaine<\/p>\n","protected":false},"excerpt":{"rendered":"<p>Estimado Jorge Flies Candidato a Gobernador PRESENTE La elecci\u00f3n del Gobernador Regional, es un momento hist\u00f3rico para nuestro pa\u00eds, no solo por lo que significa en t\u00e9rminos de participaci\u00f3n ciudadana,&#8230; <a class=\"read-more\" href=\"https:\/\/www.radiopresidenteibanez.cl\/web\/concejales-ppd-hacen-llegar-carta-abierta-al-pre-candidato-a-gobernador-jorge-flies-de-cara-al-desarrollo-de-la-zona\/\">Leer m\u00e1s<\/a><\/p>\n","protected":false},"author":2,"featured_media":16131,"comment_status":"closed","ping_status":"closed","sticky":false,"template":"","format":"standard","meta":{"footnotes":""},"categories":[1],"tags":[],"class_list":["post-16130","post","type-post","status-publish","format-standard","has-post-thumbnail","hentry","category-cronica"],"_links":{"self":[{"href":"https:\/\/www.radiopresidenteibanez.cl\/web\/wp-json\/wp\/v2\/posts\/16130","targetHints":{"allow":["GET"]}}],"collection":[{"href":"https:\/\/www.radiopresidenteibanez.cl\/web\/wp-json\/wp\/v2\/posts"}],"about":[{"href":"https:\/\/www.radiopresidenteibanez.cl\/web\/wp-json\/wp\/v2\/types\/post"}],"author":[{"embeddable":true,"href":"https:\/\/www.radiopresidenteibanez.cl\/web\/wp-json\/wp\/v2\/users\/2"}],"replies":[{"embeddable":true,"href":"https:\/\/www.radiopresidenteibanez.cl\/web\/wp-json\/wp\/v2\/comments?post=16130"}],"version-history":[{"count":0,"href":"https:\/\/www.radiopresidenteibanez.cl\/web\/wp-json\/wp\/v2\/posts\/16130\/revisions"}],"wp:featuredmedia":[{"embeddable":true,"href":"https:\/\/www.radiopresidenteibanez.cl\/web\/wp-json\/wp\/v2\/media\/16131"}],"wp:attachment":[{"href":"https:\/\/www.radiopresidenteibanez.cl\/web\/wp-json\/wp\/v2\/media?parent=16130"}],"wp:term":[{"taxonomy":"category","embeddable":true,"href":"https:\/\/www.radiopresidenteibanez.cl\/web\/wp-json\/wp\/v2\/categories?post=16130"},{"taxonomy":"post_tag","embeddable":true,"href":"https:\/\/www.radiopresidenteibanez.cl\/web\/wp-json\/wp\/v2\/tags?post=16130"}],"curies":[{"name":"wp","href":"https:\/\/api.w.org\/{rel}","templated":true}]}}