{"id":1613,"date":"2019-02-26T00:37:31","date_gmt":"2019-02-26T00:37:31","guid":{"rendered":"http:\/\/www.radiopresidenteibanez.cl\/web\/?p=1613"},"modified":"2019-02-26T00:38:06","modified_gmt":"2019-02-26T00:38:06","slug":"mas-de-30-empresas-participaran-de-expoagama-2019","status":"publish","type":"post","link":"https:\/\/www.radiopresidenteibanez.cl\/web\/mas-de-30-empresas-participaran-de-expoagama-2019\/","title":{"rendered":"M\u00c1S DE 30 EMPRESAS PARTICIPAR\u00c1N  DE EXPOAGAMA 2019"},"content":{"rendered":"\n<p>La participaci\u00f3n de las\nempresas en la EXPOGAMA 2019 ha cobrado mayor protagonismo en esta versi\u00f3n, son\n20 las empresas auspiciadores y 15 empresarios que dar\u00e1n forma al sal\u00f3n gourmet.\n<\/p>\n\n\n\n<p>Mientras las empresas\nauspiciadoras tendr\u00e1n su espacio en un gran domo en el patio central del\nrecinto de Asogama, el sal\u00f3n gourmet se emplazar\u00e1 en el edificio principal. En\nambos espacios los empresarios dar\u00e1n a conocer sus productos y servicios, de\nesta forma la feria se transforma en una importante vitrina del quehacer\necon\u00f3mico de la regi\u00f3n. <\/p>\n\n\n\n<p>Las empresas auspiciadoras\nson: MegaMotors, Olas, Lipigas, Enap, YPF, Tattersall, Bus Sur, Salfa Austral\n(edificio Sebasti\u00e1n Elcano), Geopark, Halliburton, Standarwool, Socovesa,\nArecheta Propiedades, PTI Ovino, Bovino APP, Agropampa, Frigurofico Simunovic,\nMina Invierno y Ruiz y Doberti Limitada<em>. <\/em><\/p>\n\n\n\n<p>Adem\u00e1s, en el sal\u00f3n gourmet\nser\u00e1n m\u00e1s de 15 emprendedores que presentar\u00e1n sus productos relacionado con el\nmundo del agro y en el acceso a este lugar se ubicar\u00e1 un comedor al aire libre,\npero confortable y amplio, donde se podr\u00e1 degustar del tradicional asado al\npalo y otras recetas t\u00edpicas del campo patag\u00f3nico. <\/p>\n\n\n\n<p>Uno de los principales cambios\nde esta versi\u00f3n es que el acceso ser\u00e1 por avenida Bulnes, para brindar\ncomodidad a los asistentes y a los vecinos del sector. El valor de la entrada\npara la feria ser\u00e1 de 2500 pesos y los ni\u00f1os (menores de 12 a\u00f1os) y adultos\nmayores ingresan gratis. El nuevo acceso permite un ordenamiento distinto de\nlos diversos espacios, de esta forma los ni\u00f1os tendr\u00e1n un \u00e1rea dedicada a juegos\ny kermeses. En otro sector se ubicar\u00e1 la feria hortofrut\u00edcola y artesan\u00edas.\nAdem\u00e1s se considera un escenario para la presentaci\u00f3n de conjuntos folcl\u00f3ricos,\nbaile, cantantes y diversas manifestaciones de arte. <\/p>\n\n\n\n<p>Respecto de la muestra\nganadera, que es la esencia del evento, este a\u00f1o se considera la competencia de\n14 planteles y ser\u00e1n cerca de 300 ovinos y 20 vacunos participando en esta\nversi\u00f3n. <\/p>\n","protected":false},"excerpt":{"rendered":"<p>La participaci\u00f3n de las empresas en la EXPOGAMA 2019 ha cobrado mayor protagonismo en esta versi\u00f3n, son 20 las empresas auspiciadores y 15 empresarios que dar\u00e1n forma al sal\u00f3n gourmet&#8230;. <a class=\"read-more\" href=\"https:\/\/www.radiopresidenteibanez.cl\/web\/mas-de-30-empresas-participaran-de-expoagama-2019\/\">Leer m\u00e1s<\/a><\/p>\n","protected":false},"author":2,"featured_media":1614,"comment_status":"closed","ping_status":"closed","sticky":false,"template":"","format":"standard","meta":{"footnotes":""},"categories":[1],"tags":[],"class_list":["post-1613","post","type-post","status-publish","format-standard","has-post-thumbnail","hentry","category-cronica"],"_links":{"self":[{"href":"https:\/\/www.radiopresidenteibanez.cl\/web\/wp-json\/wp\/v2\/posts\/1613","targetHints":{"allow":["GET"]}}],"collection":[{"href":"https:\/\/www.radiopresidenteibanez.cl\/web\/wp-json\/wp\/v2\/posts"}],"about":[{"href":"https:\/\/www.radiopresidenteibanez.cl\/web\/wp-json\/wp\/v2\/types\/post"}],"author":[{"embeddable":true,"href":"https:\/\/www.radiopresidenteibanez.cl\/web\/wp-json\/wp\/v2\/users\/2"}],"replies":[{"embeddable":true,"href":"https:\/\/www.radiopresidenteibanez.cl\/web\/wp-json\/wp\/v2\/comments?post=1613"}],"version-history":[{"count":0,"href":"https:\/\/www.radiopresidenteibanez.cl\/web\/wp-json\/wp\/v2\/posts\/1613\/revisions"}],"wp:featuredmedia":[{"embeddable":true,"href":"https:\/\/www.radiopresidenteibanez.cl\/web\/wp-json\/wp\/v2\/media\/1614"}],"wp:attachment":[{"href":"https:\/\/www.radiopresidenteibanez.cl\/web\/wp-json\/wp\/v2\/media?parent=1613"}],"wp:term":[{"taxonomy":"category","embeddable":true,"href":"https:\/\/www.radiopresidenteibanez.cl\/web\/wp-json\/wp\/v2\/categories?post=1613"},{"taxonomy":"post_tag","embeddable":true,"href":"https:\/\/www.radiopresidenteibanez.cl\/web\/wp-json\/wp\/v2\/tags?post=1613"}],"curies":[{"name":"wp","href":"https:\/\/api.w.org\/{rel}","templated":true}]}}