{"id":16127,"date":"2020-11-18T13:56:26","date_gmt":"2020-11-18T13:56:26","guid":{"rendered":"https:\/\/www.radiopresidenteibanez.cl\/web\/?p=16127"},"modified":"2020-11-18T13:56:31","modified_gmt":"2020-11-18T13:56:31","slug":"comenzo-la-venta-del-sello-postal-500-anos-en-punta-arenas","status":"publish","type":"post","link":"https:\/\/www.radiopresidenteibanez.cl\/web\/comenzo-la-venta-del-sello-postal-500-anos-en-punta-arenas\/","title":{"rendered":"COMENZ\u00d3 LA VENTA DEL SELLO POSTAL 500 A\u00d1OS EN PUNTA ARENAS"},"content":{"rendered":"\n<p>Ya se encuentra a disposici\u00f3n y en venta, el Sello y Emisi\u00f3n postal conmemorativa \u201c500 a\u00f1os Magallanes\u201d, impulsado por la Municipalidad de Punta Arenas y Correos de Chile, trabajo que se desarroll\u00f3 durante poco m\u00e1s de dos a\u00f1os y que hoy ve la luz en un pliego de cuatro sellos, cuyas dimensiones son 48 mm de ancho x 30 mm de alto y su valor es de Mil pesos cada uno.<\/p>\n\n\n\n<p>El Alcalde Claudio Radonich, quien estuvo en la oficina local de Correos de Chile para la primera venta, dijo que \u201ceste es un sello muy esperado por el mundo de la filatelia, una emisi\u00f3n conmemorativa de los 500 a\u00f1os, el cual ha sido el \u00fanico presentado durante el a\u00f1o 2020 y que ha comenzado su venta en nuestra ciudad\u201d.<\/p>\n\n\n\n<p>\u201cSon 4 sellos muy bonitos, con un valor unitario de mil pesos, los cuales recogen hitos importantes como el primer mapa de Fernando de Magallanes y a nuestros pueblos originarios, los que ya est\u00e1n disponibles en Punta Arenas a partir de hoy\u201d, a\u00f1adi\u00f3 Radonich.<\/p>\n\n\n\n<p>Por su parte, el jefe regional de Correos, Christian Demangel, recalc\u00f3 que \u201cdesde hoy comienza la venta del sello junto a una cantidad filat\u00e9lica de sobres con edici\u00f3n limitada, lo cual se suma a un d\u00edptico con informaci\u00f3n de las im\u00e1genes siendo este sello, un hito por ser el primero de este a\u00f1o que saca Correos, enmarcando su emisi\u00f3n en los 500 a\u00f1os del Estrecho de Magallanes\u201d.<\/p>\n\n\n\n<p>Eduardo Elgorriaga, quien se convirti\u00f3 en el primer comprador, un filat\u00e9lico con experiencia, destac\u00f3 el trabajo realizado, manifestando que \u201ces un sello hermoso, confeccionado en la Casa Moneda de Chile, por el dise\u00f1ador Mauricio Navarro a quien felicit\u00e9 por redes sociales al conocer este hermoso trabajo. \u00c9l quiso representar dos grandes cosas en este sello, lo primero la ruta que hizo Fernando de Magallanes para llegar ac\u00e1 hace 500 a\u00f1os\u201d. En segunda instancia, seg\u00fan Elborriaga, \u201cel autor quiso mostrar igualmente, una familia precolombina, la familia kaw\u00e9sqar, conocidos tambi\u00e9n como alacalufes. Familias que habitaban el sur del continente americano propiamente tal\u201d.<\/p>\n\n\n\n<p>En su primera edici\u00f3n, son 50 mil ejemplares por cada sello, los que estar\u00e1n a la venta en Punta Arenas inicialmente, para luego tambi\u00e9n comenzar su distribuci\u00f3n en Vi\u00f1a de Mar, Santiago y Concepci\u00f3n.<\/p>\n","protected":false},"excerpt":{"rendered":"<p>Ya se encuentra a disposici\u00f3n y en venta, el Sello y Emisi\u00f3n postal conmemorativa \u201c500 a\u00f1os Magallanes\u201d, impulsado por la Municipalidad de Punta Arenas y Correos de Chile, trabajo que&#8230; <a class=\"read-more\" href=\"https:\/\/www.radiopresidenteibanez.cl\/web\/comenzo-la-venta-del-sello-postal-500-anos-en-punta-arenas\/\">Leer m\u00e1s<\/a><\/p>\n","protected":false},"author":2,"featured_media":16128,"comment_status":"closed","ping_status":"closed","sticky":false,"template":"","format":"standard","meta":{"footnotes":""},"categories":[1],"tags":[],"class_list":["post-16127","post","type-post","status-publish","format-standard","has-post-thumbnail","hentry","category-cronica"],"_links":{"self":[{"href":"https:\/\/www.radiopresidenteibanez.cl\/web\/wp-json\/wp\/v2\/posts\/16127","targetHints":{"allow":["GET"]}}],"collection":[{"href":"https:\/\/www.radiopresidenteibanez.cl\/web\/wp-json\/wp\/v2\/posts"}],"about":[{"href":"https:\/\/www.radiopresidenteibanez.cl\/web\/wp-json\/wp\/v2\/types\/post"}],"author":[{"embeddable":true,"href":"https:\/\/www.radiopresidenteibanez.cl\/web\/wp-json\/wp\/v2\/users\/2"}],"replies":[{"embeddable":true,"href":"https:\/\/www.radiopresidenteibanez.cl\/web\/wp-json\/wp\/v2\/comments?post=16127"}],"version-history":[{"count":0,"href":"https:\/\/www.radiopresidenteibanez.cl\/web\/wp-json\/wp\/v2\/posts\/16127\/revisions"}],"wp:featuredmedia":[{"embeddable":true,"href":"https:\/\/www.radiopresidenteibanez.cl\/web\/wp-json\/wp\/v2\/media\/16128"}],"wp:attachment":[{"href":"https:\/\/www.radiopresidenteibanez.cl\/web\/wp-json\/wp\/v2\/media?parent=16127"}],"wp:term":[{"taxonomy":"category","embeddable":true,"href":"https:\/\/www.radiopresidenteibanez.cl\/web\/wp-json\/wp\/v2\/categories?post=16127"},{"taxonomy":"post_tag","embeddable":true,"href":"https:\/\/www.radiopresidenteibanez.cl\/web\/wp-json\/wp\/v2\/tags?post=16127"}],"curies":[{"name":"wp","href":"https:\/\/api.w.org\/{rel}","templated":true}]}}