{"id":16124,"date":"2020-11-18T13:49:34","date_gmt":"2020-11-18T13:49:34","guid":{"rendered":"https:\/\/www.radiopresidenteibanez.cl\/web\/?p=16124"},"modified":"2020-11-18T13:49:40","modified_gmt":"2020-11-18T13:49:40","slug":"por-primera-vez-un-proyecto-de-magallanes-es-nominado-al-premio-aporte-urbano","status":"publish","type":"post","link":"https:\/\/www.radiopresidenteibanez.cl\/web\/por-primera-vez-un-proyecto-de-magallanes-es-nominado-al-premio-aporte-urbano\/","title":{"rendered":"POR PRIMERA VEZ UN PROYECTO DE MAGALLANES ES NOMINADO AL PREMIO APORTE URBANO"},"content":{"rendered":"\n<p>\n\nDe manera in\u00e9dita un proyecto de construcci\u00f3n de la regi\u00f3n de Magallanes ha sido nominado al Premio Aporte Urbano (PAU) 2020, iniciativa que por sexto a\u00f1o consecutivo impulsa y promueve la C\u00e1mara Chilena de la Construcci\u00f3n, junto al Ministerio de Vivienda y Urbanismo, el Consejo Nacional de Desarrollo Urbano, el Colegio de Arquitectos, la Asociaci\u00f3n de Oficinas de Arquitectos (AOA) y la Asociaci\u00f3n de Desarrolladores Inmobiliarios (ADI).<\/p>\n\n\n\n<p>Este a\u00f1o se presentaron 67 obras p\u00fablicas y privadas de Santiago y regiones para hacer sus propuestas en 5 categor\u00edas que tienen por objetivo reconocer, destacar e incentivar aquellos proyectos que constituyen un aporte de calidad de vida a los habitantes y a las ciudades chilenas. De las 67 obras presentadas, solo 16 fueron nominadas al Premio Aporte Urbano 2020, incluyendo por primera vez un proyecto de la regi\u00f3n de Magallanes.<\/p>\n\n\n\n<p>La piscina semiol\u00edmpica de Puerto Natales est\u00e1 nominada en la categor\u00eda Mejor Proyecto de Equipamiento o Edificio de Uso Mixto. Esta categor\u00eda considera iniciativas de desarrollo de usos comerciales, servicios y equipamiento en general, adem\u00e1s de proyectos de car\u00e1cter mixto (con vivienda), siempre y cuando esta no ocupe m\u00e1s del 50% de la superficie construida total.<\/p>\n\n\n\n<p>El proyecto nominado es una piscina de uso p\u00fablico ubicada en Puerto Natales y tiene por prop\u00f3sito incentivar la nataci\u00f3n y otras pr\u00e1cticas deportivas bajo techo, dado que las condiciones clim\u00e1ticas muchas veces son un impedimento para el deporte en Magallanes.<\/p>\n\n\n\n<p>El proyecto de la piscina semiol\u00edmpica fue desarrollado por la Direcci\u00f3n de Arquitectura MOP y la empresa constructora a cargo fue Salfa. El costo total de la obra alcanz\u00f3 los 5 mil millones de pesos, permitiendo construir 2 mil 500 metros cuadrados de infraestructura deportiva que pueden albergar a 500 personas, entre p\u00fablico y deportistas.<\/p>\n\n\n\n<p>\u201cEs una noticia fant\u00e1stica. Es un orgullo contribuir al desarrollo del pa\u00eds y a la regi\u00f3n de Magallanes, y en particular en Natales, comuna que por muchos a\u00f1os estuvo rezagada y hoy con este tipo de infraestructura no tiene nada que envidiarle a cualquier otro lugar de Chile. Es un orgullo para nosotros haber construido este edificio que tiene piscina semiol\u00edmpica, sala mixta, cafeter\u00eda, sala de estar y otros espacios. Es un proyecto muy bonito y emplazado en un lugar \u00fanico en Chile\u201d, indic\u00f3 Crist\u00f3bal Bascu\u00f1\u00e1n, gerente de la constructora Salfa.<\/p>\n\n\n\n<p>La infraestructura inaugurada en julio de 2019 tiene altos est\u00e1ndares de construcci\u00f3n y adem\u00e1s compite con sus similares en toda la Patagonia Chileno \u2013 Argentina. La piscina cumple con las dimensiones reglamentarias para desarrollar deporte profesional y se espera que posicione a la ciudad como sede de pr\u00f3ximos encuentros deportivos internacionales.<\/p>\n\n\n\n<p>\u201cPara nosotros como Constructora Salfa en la regi\u00f3n es muy importante estar presentes en este tipo de obras porque es esta es una infraestructura que va cambiando la comunidad, entreg\u00e1ndole herramientas y capacidad para albergar competencias deportivas y otras actividades relacionadas. Para los que conocen Magallanes saben todo lo que cuesta construir una infraestructura as\u00ed aqu\u00ed y lo que ha costado llegar a tener todo lo que tenemos, y desde esa perspectiva es muy ad hoc el nombre de aporte urbano\u201d, se\u00f1al\u00f3 Bascu\u00f1\u00e1n.<\/p>\n\n\n\n<p>La premiaci\u00f3n, que se realizar\u00e1 el pr\u00f3ximo jueves 19 de noviembre, reconocer\u00e1 a las obras en las categor\u00edas de Mejor Proyecto Inmobiliario de Densificaci\u00f3n Equilibrada, Mejor Proyecto de Integraci\u00f3n Social, Mejor Proyecto de Equipamiento o Edificio de Uso Mixto, Mejor Proyecto de Espacio de Uso P\u00fablico (escala comunal y escala barrial), Mejor Proyecto de Innovaci\u00f3n Social Urbana.<\/p>\n\n\n\n<p>\u201cM\u00e1s all\u00e1 de ganar o no, valoramos mucho el hecho de dar a conocer las cosas que se est\u00e1n haciendo aqu\u00ed en la regi\u00f3n. Estar nominados es un tremendo orgullo y si ganamos ser\u00e1 fant\u00e1stico. Nosotros tambi\u00e9n hab\u00edamos postulado dos proyectos m\u00e1s, igual de importantes en cuanto aporte urbano: la comunidad de Valle Austral en Punta Arenas (categor\u00eda de Integraci\u00f3n Social) y la Plaza de Punta Delgada (categor\u00eda Espacio de Uso P\u00fablico)\u201d, finaliz\u00f3 el gerente de Salfa, Crist\u00f3bal Bascu\u00f1\u00e1n. &nbsp;<br>M\u00e1s informaci\u00f3n:&nbsp;<a href=\"http:\/\/www.premioaporteurbano.cl\/\" target=\"_blank\" rel=\"noreferrer noopener\">www.premioaporteurbano.cl<\/a><\/p>\n","protected":false},"excerpt":{"rendered":"<p>De manera in\u00e9dita un proyecto de construcci\u00f3n de la regi\u00f3n de Magallanes ha sido nominado al Premio Aporte Urbano (PAU) 2020, iniciativa que por sexto a\u00f1o consecutivo impulsa y promueve&#8230; <a class=\"read-more\" href=\"https:\/\/www.radiopresidenteibanez.cl\/web\/por-primera-vez-un-proyecto-de-magallanes-es-nominado-al-premio-aporte-urbano\/\">Leer m\u00e1s<\/a><\/p>\n","protected":false},"author":2,"featured_media":16125,"comment_status":"closed","ping_status":"closed","sticky":false,"template":"","format":"standard","meta":{"footnotes":""},"categories":[1],"tags":[],"class_list":["post-16124","post","type-post","status-publish","format-standard","has-post-thumbnail","hentry","category-cronica"],"_links":{"self":[{"href":"https:\/\/www.radiopresidenteibanez.cl\/web\/wp-json\/wp\/v2\/posts\/16124","targetHints":{"allow":["GET"]}}],"collection":[{"href":"https:\/\/www.radiopresidenteibanez.cl\/web\/wp-json\/wp\/v2\/posts"}],"about":[{"href":"https:\/\/www.radiopresidenteibanez.cl\/web\/wp-json\/wp\/v2\/types\/post"}],"author":[{"embeddable":true,"href":"https:\/\/www.radiopresidenteibanez.cl\/web\/wp-json\/wp\/v2\/users\/2"}],"replies":[{"embeddable":true,"href":"https:\/\/www.radiopresidenteibanez.cl\/web\/wp-json\/wp\/v2\/comments?post=16124"}],"version-history":[{"count":0,"href":"https:\/\/www.radiopresidenteibanez.cl\/web\/wp-json\/wp\/v2\/posts\/16124\/revisions"}],"wp:featuredmedia":[{"embeddable":true,"href":"https:\/\/www.radiopresidenteibanez.cl\/web\/wp-json\/wp\/v2\/media\/16125"}],"wp:attachment":[{"href":"https:\/\/www.radiopresidenteibanez.cl\/web\/wp-json\/wp\/v2\/media?parent=16124"}],"wp:term":[{"taxonomy":"category","embeddable":true,"href":"https:\/\/www.radiopresidenteibanez.cl\/web\/wp-json\/wp\/v2\/categories?post=16124"},{"taxonomy":"post_tag","embeddable":true,"href":"https:\/\/www.radiopresidenteibanez.cl\/web\/wp-json\/wp\/v2\/tags?post=16124"}],"curies":[{"name":"wp","href":"https:\/\/api.w.org\/{rel}","templated":true}]}}