{"id":16117,"date":"2020-11-18T03:45:00","date_gmt":"2020-11-18T03:45:00","guid":{"rendered":"https:\/\/www.radiopresidenteibanez.cl\/web\/?p=16117"},"modified":"2020-11-17T18:05:05","modified_gmt":"2020-11-17T18:05:05","slug":"la-tia-rica-aumenta-los-montos-de-credito-de-manera-historica","status":"publish","type":"post","link":"https:\/\/www.radiopresidenteibanez.cl\/web\/la-tia-rica-aumenta-los-montos-de-credito-de-manera-historica\/","title":{"rendered":"LA \u201cT\u00cdA RICA\u201d AUMENTA LOS MONTOS DE CR\u00c9DITO DE MANERA HIST\u00d3RICA"},"content":{"rendered":"\n<p>La Seremi del Trabajo y Previsi\u00f3n\nSocial, Victoria Cort\u00e9s, dio a conocer que, desde esta semana y hasta el 31 de\ndiciembre del presente a\u00f1o, la Direcci\u00f3n de Cr\u00e9dito Prendario (Dicrep) \u2013m\u00e1s conocida\ncomo la \u201cT\u00eda Rica\u201d- elevar\u00e1, de manera hist\u00f3rica, los montos de sus pr\u00e9stamos.<\/p>\n\n\n\n<p>La iniciativa llega a sumarse al\nanuncio realizado hace algunas semanas en relaci\u00f3n con el valor m\u00e1s alto que ha\nentregado la instituci\u00f3n para el pr\u00e9stamo del gramo de oro de 18 quilates, el\ncual, recordemos, ascendi\u00f3 a los $13.500, monto que se mantendr\u00e1, de igual\nmanera, hasta fines de este a\u00f1o.<\/p>\n\n\n\n<p>Seg\u00fan expuso Cort\u00e9s, \u201cestamos ante un\nnuevo anuncio hist\u00f3rico de nuestra querida \u201cT\u00eda Rica\u201d, instituci\u00f3n que, desde\nel inicio de esta crisis sanitaria, ha realizado m\u00faltiples esfuerzos para\nentregar el apoyo que necesitan sus usuarios. En esta ocasi\u00f3n, se trata del\naumento de los montos de los diferentes pr\u00e9stamos que realiza tanto en lo que\ncorresponde a Alhajas, donde el pr\u00e9stamo m\u00e1ximo se elev\u00f3 de $250.000 a\n$500.000; y en el de Objetos Varios, donde el pr\u00e9stamo m\u00e1ximo pas\u00f3 de $150.000\na $200.000, lo cual es una muy buena noticia para todos los \u201csobrinos\u201d de la\nDicrep\u201d.<\/p>\n\n\n\n<p>Por su parte, en lo que corresponde a\nlos montos m\u00e1ximos de pr\u00e9stamos por RUN, estos valores pasaron de $2.800.000 a\n$3.500.000, seg\u00fan expuso la autoridad.<\/p>\n\n\n\n<p>Para el administrador regional de la\nDicrep Magallanes, Claudio Reyes, esta nueva medida es una se\u00f1al importante del\nrol social y financiero del servicio. \u201cTodos los a\u00f1os, la Dicrep fija un\naumento en el pr\u00e9stamo del gramo de oro para contribuir a los usuarios durante\nlas fiestas de fin de a\u00f1o. Sin embargo, este es un a\u00f1o diferente, sabemos que\nes una \u00e9poca en que las personas tienen m\u00e1s gastos, pero, adem\u00e1s, las personas\nest\u00e1n m\u00e1s complicadas por los efectos de la crisis. Por lo mismo, se ha hecho\nesta iniciativa para quienes no tienen acceso a cr\u00e9dito formal en otras\ninstituciones\u201d.<\/p>\n\n\n\n<p>El administrador regional se\u00f1al\u00f3 que\nlos cr\u00e9ditos que ofrece la Dicrep son asequibles, no solo para personas\nnaturales, sino tambi\u00e9n para peque\u00f1os emprendedores, trabajadores\nindependientes y mipymes, dado que, ahora, el monto m\u00e1ximo por Rut ser\u00e1 de\nhasta $3.500.000, que constituye una suma importante para muchas micro y\npeque\u00f1as empresas que lo necesiten.<\/p>\n\n\n\n<p>Las autoridades hicieron el llamado a\ningresar al sitio web de la Dicrep, <a href=\"http:\/\/www.dicrep.cl\">www.dicrep.cl<\/a>, para mayor informaci\u00f3n sobre este\nanuncio, informando que la sucursal regional de la \u201cT\u00eda Rica\u201d en Magallanes,\npermanece con atenci\u00f3n de p\u00fablico, de 9:00 a 14:00 horas, en calle Lautaro\nNavarro N\u00b01024, Punta Arenas.<\/p>\n","protected":false},"excerpt":{"rendered":"<p>La Seremi del Trabajo y Previsi\u00f3n Social, Victoria Cort\u00e9s, dio a conocer que, desde esta semana y hasta el 31 de diciembre del presente a\u00f1o, la Direcci\u00f3n de Cr\u00e9dito Prendario&#8230; <a class=\"read-more\" href=\"https:\/\/www.radiopresidenteibanez.cl\/web\/la-tia-rica-aumenta-los-montos-de-credito-de-manera-historica\/\">Leer m\u00e1s<\/a><\/p>\n","protected":false},"author":2,"featured_media":16118,"comment_status":"closed","ping_status":"closed","sticky":false,"template":"","format":"standard","meta":{"footnotes":""},"categories":[1],"tags":[],"class_list":["post-16117","post","type-post","status-publish","format-standard","has-post-thumbnail","hentry","category-cronica"],"_links":{"self":[{"href":"https:\/\/www.radiopresidenteibanez.cl\/web\/wp-json\/wp\/v2\/posts\/16117","targetHints":{"allow":["GET"]}}],"collection":[{"href":"https:\/\/www.radiopresidenteibanez.cl\/web\/wp-json\/wp\/v2\/posts"}],"about":[{"href":"https:\/\/www.radiopresidenteibanez.cl\/web\/wp-json\/wp\/v2\/types\/post"}],"author":[{"embeddable":true,"href":"https:\/\/www.radiopresidenteibanez.cl\/web\/wp-json\/wp\/v2\/users\/2"}],"replies":[{"embeddable":true,"href":"https:\/\/www.radiopresidenteibanez.cl\/web\/wp-json\/wp\/v2\/comments?post=16117"}],"version-history":[{"count":0,"href":"https:\/\/www.radiopresidenteibanez.cl\/web\/wp-json\/wp\/v2\/posts\/16117\/revisions"}],"wp:featuredmedia":[{"embeddable":true,"href":"https:\/\/www.radiopresidenteibanez.cl\/web\/wp-json\/wp\/v2\/media\/16118"}],"wp:attachment":[{"href":"https:\/\/www.radiopresidenteibanez.cl\/web\/wp-json\/wp\/v2\/media?parent=16117"}],"wp:term":[{"taxonomy":"category","embeddable":true,"href":"https:\/\/www.radiopresidenteibanez.cl\/web\/wp-json\/wp\/v2\/categories?post=16117"},{"taxonomy":"post_tag","embeddable":true,"href":"https:\/\/www.radiopresidenteibanez.cl\/web\/wp-json\/wp\/v2\/tags?post=16117"}],"curies":[{"name":"wp","href":"https:\/\/api.w.org\/{rel}","templated":true}]}}