{"id":16114,"date":"2020-11-18T03:30:00","date_gmt":"2020-11-18T03:30:00","guid":{"rendered":"https:\/\/www.radiopresidenteibanez.cl\/web\/?p=16114"},"modified":"2020-11-17T18:01:58","modified_gmt":"2020-11-17T18:01:58","slug":"mineduc-recibe-mas-de-1500-solicitudes-de-apertura-de-establecimientos-educacionales-a-lo-largo-del-pais","status":"publish","type":"post","link":"https:\/\/www.radiopresidenteibanez.cl\/web\/mineduc-recibe-mas-de-1500-solicitudes-de-apertura-de-establecimientos-educacionales-a-lo-largo-del-pais\/","title":{"rendered":"MINEDUC RECIBE M\u00c1S DE 1500 SOLICITUDES DE APERTURA DE ESTABLECIMIENTOS EDUCACIONALES A LO LARGO DEL PA\u00cdS"},"content":{"rendered":"\n<p>Hace un par de meses que algunos establecimientos educacionales comenzaron con el proceso de retorno a clases presenciales, con el objetivo que sus estudiantes puedan desarrollar al m\u00e1ximo sus capacidades en la sala de clases al intercambiar experiencias junto a sus profesores y compa\u00f1eros.<\/p>\n\n\n\n<p>Estas experiencias han sido positivas para cada uno de los integrantes de las comunidades educativas, y tambi\u00e9n ha servido como ejemplo para otras escuelas, liceos y jardines infantiles que ven los beneficios que genera en todos los miembros de los establecimientos.<\/p>\n\n\n\n<p>Por estos motivos, d\u00eda a d\u00eda se suman m\u00e1s establecimientos educacionales que env\u00edan solicitudes de apertura al Ministerio de Educaci\u00f3n y otros tantos que ya realizan sus aperturas, as\u00ed lo cont\u00f3 hoy el subsecretario de Educaci\u00f3n, Jorge Poblete, en el Balance semanal #SigamosAprendiendo.<\/p>\n\n\n\n<p>La autoridad se\u00f1al\u00f3 que hasta hoy,&nbsp;<strong>hay 1.501 solicitudes de aperturas a nivel nacional, de las cuales 880 establecimientos educacionales ya han abierto sus puertas a lo largo del pa\u00eds.<\/strong><\/p>\n\n\n\n<p><strong>En la Regi\u00f3n Metropolitana hay 868 solicitudes de aperturas, de las cuales 587 establecimientos han retomado sus clases presenciales.<\/strong><\/p>\n\n\n\n<p>\u201cPara acompa\u00f1ar a las comunidades educativas en su proceso de reapertura, aclarar dudas, recibir sugerencias o experiencias de las comunidades educativas, se habilit\u00f3 el sitio web gob.cl \/ consejo educacional covid 19 que ser\u00e1&nbsp; revisado de forma semanal por el Consejo Asesor\u201d, coment\u00f3 el subsecretario de Educaci\u00f3n, Jorge Poblete, como una forma de ampliar la gu\u00eda a los establecimientos.<\/p>\n\n\n\n<p><strong>Detalle por regiones:<\/strong><\/p>\n\n\n\n<p>La mayor\u00eda de las m\u00e1s de 1500 solicitudes de apertura, se concentran en las regiones Metropolitana, Valpara\u00edso y Araucan\u00eda con 868 solicitudes, 116 y 95, respectivamente.<\/p>\n\n\n\n<p>A nivel nacional, 216 comunas presentan solicitudes de reapertura de establecimientos educacionales. Esto representa el 63% de las comunas del pa\u00eds.<\/p>\n\n\n\n<p>En la Regi\u00f3n Metropolitana, 47 comunas presentan solicitudes de reapertura de establecimientos educacionales. Esto representa el 90% de las comunas de la Regi\u00f3n Metropolitana.<br><\/p>\n","protected":false},"excerpt":{"rendered":"<p>Hace un par de meses que algunos establecimientos educacionales comenzaron con el proceso de retorno a clases presenciales, con el objetivo que sus estudiantes puedan desarrollar al m\u00e1ximo sus capacidades&#8230; <a class=\"read-more\" href=\"https:\/\/www.radiopresidenteibanez.cl\/web\/mineduc-recibe-mas-de-1500-solicitudes-de-apertura-de-establecimientos-educacionales-a-lo-largo-del-pais\/\">Leer m\u00e1s<\/a><\/p>\n","protected":false},"author":2,"featured_media":16115,"comment_status":"closed","ping_status":"closed","sticky":false,"template":"","format":"standard","meta":{"footnotes":""},"categories":[1],"tags":[],"class_list":["post-16114","post","type-post","status-publish","format-standard","has-post-thumbnail","hentry","category-cronica"],"_links":{"self":[{"href":"https:\/\/www.radiopresidenteibanez.cl\/web\/wp-json\/wp\/v2\/posts\/16114","targetHints":{"allow":["GET"]}}],"collection":[{"href":"https:\/\/www.radiopresidenteibanez.cl\/web\/wp-json\/wp\/v2\/posts"}],"about":[{"href":"https:\/\/www.radiopresidenteibanez.cl\/web\/wp-json\/wp\/v2\/types\/post"}],"author":[{"embeddable":true,"href":"https:\/\/www.radiopresidenteibanez.cl\/web\/wp-json\/wp\/v2\/users\/2"}],"replies":[{"embeddable":true,"href":"https:\/\/www.radiopresidenteibanez.cl\/web\/wp-json\/wp\/v2\/comments?post=16114"}],"version-history":[{"count":0,"href":"https:\/\/www.radiopresidenteibanez.cl\/web\/wp-json\/wp\/v2\/posts\/16114\/revisions"}],"wp:featuredmedia":[{"embeddable":true,"href":"https:\/\/www.radiopresidenteibanez.cl\/web\/wp-json\/wp\/v2\/media\/16115"}],"wp:attachment":[{"href":"https:\/\/www.radiopresidenteibanez.cl\/web\/wp-json\/wp\/v2\/media?parent=16114"}],"wp:term":[{"taxonomy":"category","embeddable":true,"href":"https:\/\/www.radiopresidenteibanez.cl\/web\/wp-json\/wp\/v2\/categories?post=16114"},{"taxonomy":"post_tag","embeddable":true,"href":"https:\/\/www.radiopresidenteibanez.cl\/web\/wp-json\/wp\/v2\/tags?post=16114"}],"curies":[{"name":"wp","href":"https:\/\/api.w.org\/{rel}","templated":true}]}}