{"id":16111,"date":"2020-11-18T03:15:00","date_gmt":"2020-11-18T03:15:00","guid":{"rendered":"https:\/\/www.radiopresidenteibanez.cl\/web\/?p=16111"},"modified":"2020-11-17T18:02:40","modified_gmt":"2020-11-17T18:02:40","slug":"integrantes-del-ejercito-pasaron-curso-de-combate-especial","status":"publish","type":"post","link":"https:\/\/www.radiopresidenteibanez.cl\/web\/integrantes-del-ejercito-pasaron-curso-de-combate-especial\/","title":{"rendered":"INTEGRANTES DEL EJERCITO PASARON CURSO DE COMBATE ESPECIAL"},"content":{"rendered":"\n<p>19 integrantes del Ej\u00e9rcito lograron aprobar la \u00faltima versi\u00f3n del exigente curso de Combate Especial, especialidad que forja los instructores de lucha cuerpo a cuerpo del Ej\u00e9rcito.<\/p>\n\n\n\n<p>Puede revisar la actividad en el siguiente link: <a href=\"https:\/\/www.facebook.com\/ejercitochile\/videos\/733573503931195\/?vh=e&amp;d=n\">https:\/\/www.facebook.com\/ejercitochile\/videos\/733573503931195\/?vh=e&amp;d=n<\/a><\/p>\n","protected":false},"excerpt":{"rendered":"<p>19 integrantes del Ej\u00e9rcito lograron aprobar la \u00faltima versi\u00f3n del exigente curso de Combate Especial, especialidad que forja los instructores de lucha cuerpo a cuerpo del Ej\u00e9rcito. Puede revisar la&#8230; <a class=\"read-more\" href=\"https:\/\/www.radiopresidenteibanez.cl\/web\/integrantes-del-ejercito-pasaron-curso-de-combate-especial\/\">Leer m\u00e1s<\/a><\/p>\n","protected":false},"author":2,"featured_media":16112,"comment_status":"closed","ping_status":"closed","sticky":false,"template":"","format":"standard","meta":{"footnotes":""},"categories":[1],"tags":[],"class_list":["post-16111","post","type-post","status-publish","format-standard","has-post-thumbnail","hentry","category-cronica"],"_links":{"self":[{"href":"https:\/\/www.radiopresidenteibanez.cl\/web\/wp-json\/wp\/v2\/posts\/16111","targetHints":{"allow":["GET"]}}],"collection":[{"href":"https:\/\/www.radiopresidenteibanez.cl\/web\/wp-json\/wp\/v2\/posts"}],"about":[{"href":"https:\/\/www.radiopresidenteibanez.cl\/web\/wp-json\/wp\/v2\/types\/post"}],"author":[{"embeddable":true,"href":"https:\/\/www.radiopresidenteibanez.cl\/web\/wp-json\/wp\/v2\/users\/2"}],"replies":[{"embeddable":true,"href":"https:\/\/www.radiopresidenteibanez.cl\/web\/wp-json\/wp\/v2\/comments?post=16111"}],"version-history":[{"count":0,"href":"https:\/\/www.radiopresidenteibanez.cl\/web\/wp-json\/wp\/v2\/posts\/16111\/revisions"}],"wp:featuredmedia":[{"embeddable":true,"href":"https:\/\/www.radiopresidenteibanez.cl\/web\/wp-json\/wp\/v2\/media\/16112"}],"wp:attachment":[{"href":"https:\/\/www.radiopresidenteibanez.cl\/web\/wp-json\/wp\/v2\/media?parent=16111"}],"wp:term":[{"taxonomy":"category","embeddable":true,"href":"https:\/\/www.radiopresidenteibanez.cl\/web\/wp-json\/wp\/v2\/categories?post=16111"},{"taxonomy":"post_tag","embeddable":true,"href":"https:\/\/www.radiopresidenteibanez.cl\/web\/wp-json\/wp\/v2\/tags?post=16111"}],"curies":[{"name":"wp","href":"https:\/\/api.w.org\/{rel}","templated":true}]}}