{"id":16105,"date":"2020-11-17T16:35:30","date_gmt":"2020-11-17T16:35:30","guid":{"rendered":"https:\/\/www.radiopresidenteibanez.cl\/web\/?p=16105"},"modified":"2020-11-17T16:35:35","modified_gmt":"2020-11-17T16:35:35","slug":"minvu-interviene-160-sectores-vandalizados-en-punta-arenas-producto-del-estallido-social","status":"publish","type":"post","link":"https:\/\/www.radiopresidenteibanez.cl\/web\/minvu-interviene-160-sectores-vandalizados-en-punta-arenas-producto-del-estallido-social\/","title":{"rendered":"MINVU INTERVIENE 160 SECTORES VANDALIZADOS EN PUNTA ARENAS PRODUCTO DEL ESTALLIDO SOCIAL"},"content":{"rendered":"\n<p>el seremi de Vivienda y Urbanismo,&nbsp;<strong>Jos\u00e9 Miguel Horcos<\/strong>, junto a profesionales de la cartera, se trasladaron hasta la intersecci\u00f3n de calle Sarmiento y calle Bories, para dar inicio a la reposici\u00f3n de mobiliario p\u00fablico que fueron gravemente vandalizadas durante las manifestaciones del denominado estallido social.<\/p>\n\n\n\n<p>Adem\u00e1s, inspeccionaron las obras que se ejecutan al oriente, las cuales pertenecen al programa de conservaci\u00f3n de v\u00edas urbanas, que tiene un financiamiento del GORE a trav\u00e9s del Fondo Nacional de Desarrollo Regional, en donde se est\u00e1n interviniendo m\u00e1s de 30 v\u00edas en Punta Arenas, Puerto Natales y Porvenir.<\/p>\n\n\n\n<p>En cuanto a la recuperaci\u00f3n del mobiliario vandalizado, el seremi Jos\u00e9 Miguel Horcos, dijo que: \u201cRealizamos un balance de los da\u00f1os e identificamos&nbsp;<strong>160 puntos cr\u00edticos<\/strong>&nbsp;en Punta Arenas, por la cual destinamos cerca de&nbsp;<strong>$1.600 millones de pesos<\/strong>&nbsp;para recuperar estos espacios da\u00f1ados\u201d.<\/p>\n\n\n\n<p>A lo anterior, el titular de la cartera de Vivienda y Urbanismo inform\u00f3 que: \u201cpor temas de tr\u00e1nsito, estamos reparando r\u00e1pidamente y queremos abrir las v\u00edas con los resguardos de fraguado del hormig\u00f3n y esto es s\u00faper importante, ya que se est\u00e1 generando accesibilidad r\u00e1pida a las principales calles de la ciudad\u201d.<\/p>\n\n\n\n<p>Cabe resaltar, que estas obras pertenecen al&nbsp;<strong>Plan de Recuperaci\u00f3n Econ\u00f3mica<\/strong>&nbsp;que llevar adelante el gobierno, y de esta manera \u201cestamos generando empleos y d\u00e1ndole continuidad a aquellos trabajadores del \u00e1rea de la construcci\u00f3n que muchos de ellos se han visto afectados con la pandemia y el Minvu es uno de los motores para reactivar la econom\u00eda tanto nacional como regional\u201d.<\/p>\n\n\n\n<p>Finalmente, mencionar que ya se empezaron a recuperar otras v\u00edas, como en calle 21 de Mayo, Avenida Col\u00f3n, la mencionada calle Sarmiento, entre otras calles c\u00e9ntricas de Punta Arenas.<\/p>\n","protected":false},"excerpt":{"rendered":"<p>el seremi de Vivienda y Urbanismo,&nbsp;Jos\u00e9 Miguel Horcos, junto a profesionales de la cartera, se trasladaron hasta la intersecci\u00f3n de calle Sarmiento y calle Bories, para dar inicio a la&#8230; <a class=\"read-more\" href=\"https:\/\/www.radiopresidenteibanez.cl\/web\/minvu-interviene-160-sectores-vandalizados-en-punta-arenas-producto-del-estallido-social\/\">Leer m\u00e1s<\/a><\/p>\n","protected":false},"author":2,"featured_media":16106,"comment_status":"closed","ping_status":"closed","sticky":false,"template":"","format":"standard","meta":{"footnotes":""},"categories":[1],"tags":[],"class_list":["post-16105","post","type-post","status-publish","format-standard","has-post-thumbnail","hentry","category-cronica"],"_links":{"self":[{"href":"https:\/\/www.radiopresidenteibanez.cl\/web\/wp-json\/wp\/v2\/posts\/16105","targetHints":{"allow":["GET"]}}],"collection":[{"href":"https:\/\/www.radiopresidenteibanez.cl\/web\/wp-json\/wp\/v2\/posts"}],"about":[{"href":"https:\/\/www.radiopresidenteibanez.cl\/web\/wp-json\/wp\/v2\/types\/post"}],"author":[{"embeddable":true,"href":"https:\/\/www.radiopresidenteibanez.cl\/web\/wp-json\/wp\/v2\/users\/2"}],"replies":[{"embeddable":true,"href":"https:\/\/www.radiopresidenteibanez.cl\/web\/wp-json\/wp\/v2\/comments?post=16105"}],"version-history":[{"count":0,"href":"https:\/\/www.radiopresidenteibanez.cl\/web\/wp-json\/wp\/v2\/posts\/16105\/revisions"}],"wp:featuredmedia":[{"embeddable":true,"href":"https:\/\/www.radiopresidenteibanez.cl\/web\/wp-json\/wp\/v2\/media\/16106"}],"wp:attachment":[{"href":"https:\/\/www.radiopresidenteibanez.cl\/web\/wp-json\/wp\/v2\/media?parent=16105"}],"wp:term":[{"taxonomy":"category","embeddable":true,"href":"https:\/\/www.radiopresidenteibanez.cl\/web\/wp-json\/wp\/v2\/categories?post=16105"},{"taxonomy":"post_tag","embeddable":true,"href":"https:\/\/www.radiopresidenteibanez.cl\/web\/wp-json\/wp\/v2\/tags?post=16105"}],"curies":[{"name":"wp","href":"https:\/\/api.w.org\/{rel}","templated":true}]}}