{"id":1610,"date":"2019-02-26T00:29:11","date_gmt":"2019-02-26T00:29:11","guid":{"rendered":"http:\/\/www.radiopresidenteibanez.cl\/web\/?p=1610"},"modified":"2019-02-26T00:30:00","modified_gmt":"2019-02-26T00:30:00","slug":"gobernadora-ana-mayorga-junto-al-consul-de-israel-acompana-y-visita-a-los-afectados-del-accidente-nautico","status":"publish","type":"post","link":"https:\/\/www.radiopresidenteibanez.cl\/web\/gobernadora-ana-mayorga-junto-al-consul-de-israel-acompana-y-visita-a-los-afectados-del-accidente-nautico\/","title":{"rendered":"GOBERNADORA ANA MAYORGA JUNTO AL CONSUL DE ISRAEL ACOMPA\u00d1A Y VISITA A LOS AFECTADOS DEL ACCIDENTE NAUTICO"},"content":{"rendered":"\n<p>Tras el lamentable accidente\nn\u00e1utico ocurrido el s\u00e1bado pasado en el sector R\u00edo Serrano, el cual dej\u00f3 a dos\nfallecidas de nacionalidad israeli y m\u00e1s de una decena de heridos de la misma\nnacionalidad, la Gobernadora Ana Mayorga, estuvo preocupada del estado de salud\nde los afectados directamente desde el Hospital Augusto Essmann, donde tambi\u00e9n\nse encontr\u00f3 permanentemente la empresa a la que pertenec\u00eda la embarcaci\u00f3n, PDI,\nArmada y Carabineros.<\/p>\n\n\n\n<p>Este lunes, despu\u00e9s de que 9 de los\nheridos fueran trasladados hasta Punta Arenas, la jefa Provincial recibi\u00f3 al\nc\u00f3nsul de Israel en Chile, Le\u00f3n Suissa, con quien visit\u00f3 a los heridos que a\u00fan\nestaban hospitalizados en el recinto hospitalario natalino. Ante esto, Mayorga\nse\u00f1al\u00f3 que \u201cla verdad es que es un fin de semana bastante tr\u00e1gico, compartir la\ntristeza del C\u00f3nsul de Israel, que se encuentra desde ayer en Puerto Natales, y\ncomo representante del Gobierno del Presidente Sebasti\u00e1n Pi\u00f1era, estamos\nacompa\u00f1ando al C\u00f3nsul Suissa en cada uno de los tr\u00e1mites que tiene que realizar\nen Puerto Natales y tambi\u00e9n en Punta Arenas; el Intendente lo recibi\u00f3 en el\naeropuerto para acompa\u00f1arlo a ver a los pacientes que se encuentran internados\nen Punta Arenas. Tambi\u00e9n estuvimos con ellos en el Servicio M\u00e9dico Legal&nbsp;\ny hemos estado ah\u00ed para todo lo que el Gobierno de Israel necesite para\nrepatriar a los fallecidos y seguir acompa\u00f1ando con la informaci\u00f3n para que\ntenga todos los antecedentes que la familia tambi\u00e9n hoy d\u00eda requieran del\nconsulado de Israel\u201d.<\/p>\n\n\n\n<p>Por otra parte, el C\u00f3nsul de\nIsrael, Le\u00f3n Suissa, indic\u00f3 que \u201ctenemos cinco israelitas que todav\u00eda est\u00e1n\naqu\u00ed , dos de ellos pueden salir del hospital hoy y los otros tres van a ir a\nPunta Arenas para tener atenci\u00f3n m\u00e9dica all\u00e1; lamentablemente tenemos dos\nfallecidos en el accidente, estamos en el proceso para trasladarlos a Israel y\nse espera que hasta ma\u00f1ana en la tarde van a poder irse hasta Santiago, desde\ndonde llegan a Israel en dos d\u00edas. Es muy triste lo que pas\u00f3, pero quiero\nagradecer al Gobierno aqu\u00ed, a la Gobernadora que me ayud\u00f3 m\u00e1s de lo que pens\u00e9,\nal hospital, a todos los doctores quienes nos ayudaron mucho. Espero que\npodamos tener buenas noticias de los que est\u00e1n en el hospital ahora\u201d.<\/p>\n\n\n\n<p>La subdirectora m\u00e9dica del Hospital Augusto Essmann Burgos, Soledad Lizana, quien tambi\u00e9n acompa\u00f1\u00f3 en su recorrido a la Gobernadora y al c\u00f3nsul, manifest\u00f3 que \u201cel hospital recibi\u00f3 en el servicio de urgencias a 17 pacientes, 3 de los cuales fueron dados de alta y el resto ingres\u00f3 al hospital, de ellos ya fueron trasladados 9 pacientes hasta Punta Arenas debido a su condici\u00f3n de gravedad, inicialmente durante la madrugada se trasladaron 4 bastante graves y seg\u00fan el estudio que se le ha realizado a los pacientes se ha ido trasladando al Hospital Regional . actualmente estamos con 5 pacientes hospitalizados, de los cuales tenemos a dos pacientes en la UTI y tres en la Unidad de Medico Quir\u00fagico, ellos ya est\u00e1n siendo tratados por m\u00e9dicos del hospital y se espera que podamos trasladarlos el d\u00eda de hoy\u201d.<\/p>\n","protected":false},"excerpt":{"rendered":"<p>Tras el lamentable accidente n\u00e1utico ocurrido el s\u00e1bado pasado en el sector R\u00edo Serrano, el cual dej\u00f3 a dos fallecidas de nacionalidad israeli y m\u00e1s de una decena de heridos&#8230; <a class=\"read-more\" href=\"https:\/\/www.radiopresidenteibanez.cl\/web\/gobernadora-ana-mayorga-junto-al-consul-de-israel-acompana-y-visita-a-los-afectados-del-accidente-nautico\/\">Leer m\u00e1s<\/a><\/p>\n","protected":false},"author":2,"featured_media":1611,"comment_status":"closed","ping_status":"closed","sticky":false,"template":"","format":"standard","meta":{"footnotes":""},"categories":[1],"tags":[],"class_list":["post-1610","post","type-post","status-publish","format-standard","has-post-thumbnail","hentry","category-cronica"],"_links":{"self":[{"href":"https:\/\/www.radiopresidenteibanez.cl\/web\/wp-json\/wp\/v2\/posts\/1610","targetHints":{"allow":["GET"]}}],"collection":[{"href":"https:\/\/www.radiopresidenteibanez.cl\/web\/wp-json\/wp\/v2\/posts"}],"about":[{"href":"https:\/\/www.radiopresidenteibanez.cl\/web\/wp-json\/wp\/v2\/types\/post"}],"author":[{"embeddable":true,"href":"https:\/\/www.radiopresidenteibanez.cl\/web\/wp-json\/wp\/v2\/users\/2"}],"replies":[{"embeddable":true,"href":"https:\/\/www.radiopresidenteibanez.cl\/web\/wp-json\/wp\/v2\/comments?post=1610"}],"version-history":[{"count":0,"href":"https:\/\/www.radiopresidenteibanez.cl\/web\/wp-json\/wp\/v2\/posts\/1610\/revisions"}],"wp:featuredmedia":[{"embeddable":true,"href":"https:\/\/www.radiopresidenteibanez.cl\/web\/wp-json\/wp\/v2\/media\/1611"}],"wp:attachment":[{"href":"https:\/\/www.radiopresidenteibanez.cl\/web\/wp-json\/wp\/v2\/media?parent=1610"}],"wp:term":[{"taxonomy":"category","embeddable":true,"href":"https:\/\/www.radiopresidenteibanez.cl\/web\/wp-json\/wp\/v2\/categories?post=1610"},{"taxonomy":"post_tag","embeddable":true,"href":"https:\/\/www.radiopresidenteibanez.cl\/web\/wp-json\/wp\/v2\/tags?post=1610"}],"curies":[{"name":"wp","href":"https:\/\/api.w.org\/{rel}","templated":true}]}}