{"id":16097,"date":"2020-11-17T14:52:38","date_gmt":"2020-11-17T14:52:38","guid":{"rendered":"https:\/\/www.radiopresidenteibanez.cl\/web\/?p=16097"},"modified":"2020-11-17T14:52:43","modified_gmt":"2020-11-17T14:52:43","slug":"pace-umag-realizo-jornadas-de-admision-2021","status":"publish","type":"post","link":"https:\/\/www.radiopresidenteibanez.cl\/web\/pace-umag-realizo-jornadas-de-admision-2021\/","title":{"rendered":"PACE UMAG REALIZ\u00d3 JORNADAS DE ADMISI\u00d3N 2021"},"content":{"rendered":"\n<p>El equipo de Preparaci\u00f3n en la\nEnse\u00f1anza Media (PEM) del Programa de Acompa\u00f1amiento y Acceso Efectivo a la\nEducaci\u00f3n Superior (PACE) realiz\u00f3 tres Jornadas de Admisi\u00f3n 2021,\ndirigidas a los alumnos de los 3eros y 4tos medios y comunidad educativa de los\n7 liceos adheridos al programa. <\/p>\n\n\n\n<p>En cada jornadas se trabaj\u00f3, primeramente con talleres\nacad\u00e9micos online de lenguaje, matem\u00e1tica e ingl\u00e9s, realizados por los\nprofesionales del equipo PEM, para luego dar paso a las charlas de Proceso de\nAdmisi\u00f3n y Beneficios Estudiantiles lideradas por las representantes de la Direcci\u00f3n\nde Asuntos Estudiantiles (DAE) Evelyn C\u00e1rcamo y Jimena Z\u00fa\u00f1iga, la Encargada de\nPromoci\u00f3n y Orientaci\u00f3n Universitaria, Aracelli Parada y la Coordinadora\nEjecutiva PACE UMAG, Dra. Carmen Paz Oval Soto. <\/p>\n\n\n\n<p>El viernes 30 de octubre participaron los alumnos del\nLiceo Donald Mc Intyre Griffiths de Puerto Williams y Liceo Hernando de\nMagallanes de Porvenir, el viernes 6 de noviembre de los Liceos Luis Cruz\nMart\u00ednez y Gabriela Mistral de Puerto Natales y el 13 de noviembre de los\nLiceos Mar\u00eda Behety de Men\u00e9ndez, Industrial Armando Quezada Achar\u00e1n y Sara\nBraun de Punta Arenas. <\/p>\n\n\n\n<p>Cerca de 100 personas, en total, fueron los asistentes a\nlas actividades online, entre estudiantes, comunidad educativa y equipo PACE. <\/p>\n\n\n\n<p>Frente a esto, la Coordinadora\nEjecutiva PACE UMAG, Dra. Carmen Paz Oval Soto se\u00f1al\u00f3 que \u201cestas jornadas nacen\npor querernos acercar a nuestros estudiantes PACE, ya que en esta contingencia\nnos hemos visto dificultades para llegar a ellos por los problemas de\nconectividad y cuarentena y estas instancias nos han permitido establecer un\ncontacto en el \u00e1rea acad\u00e9mica, ya que en orientaci\u00f3n vocacional se ha podido realizarlos\ntalleres en este segundo semestre, logrando cubrir un porcentaje importante de\nacompa\u00f1amiento a los estudiantes de los siete liceos PACE\u201d. <\/p>\n\n\n\n<p>Por su parte, Ignacio Frez, Profesor\nde Lenguaje y Facilitador PEM PACE UMAG explic\u00f3 que \u201cen los talleres acad\u00e9micos\nse hizo un reforzamiento de habilidades transversales del aprendizaje, tratando\nde llevar el taller tradicional de una sala de clases, a las nuevas plataformas\ny herramientas tecnol\u00f3gicas, centr\u00e1ndonos en la Prueba de Transici\u00f3n\nUniversitaria, resolviendo dudas y trabajando con ellos en forma directa,\nadem\u00e1s de mejorar habilidades de comprensi\u00f3n lectora y entregando informaci\u00f3n\nconcreta y necesaria para ellos\u201d.&nbsp; <\/p>\n\n\n\n<p>\u201cLos estudiantes han participado\nmucho en los talleres y se han aclarado muchas dudas, a pesar que hubi\u00e9ramos\nquerido abordar un n\u00famero mucho mayor, pero el tema de la conectividad no lo ha\npermitido, siendo algo que se sale de las manos del equipo PACE, tratamos de\nentregar un material que sea entretenido, did\u00e1ctico y llamativo, lo cual\nfunciona y es exitoso en la pr\u00e1ctica. Destacando adem\u00e1s que est\u00e9n s\u00faper atentos\na la informaci\u00f3n que entrega el DEMRE, en su p\u00e1gina web y redes sociales, las\nfechas, la postulaci\u00f3n al Formulario \u00danico de Acreditaci\u00f3n Socioecon\u00f3mica\n(FUAS), entre otros y decirles que estamos para guiarlos y apoyarlos en este\nproceso\u201d, finaliz\u00f3 el profesional de PEM.&nbsp;\n<\/p>\n\n\n\n<p>A su vez, Paulina Villegas,\nPsic\u00f3loga y&nbsp; Profesional de Orientaci\u00f3n\nVocacional de PEM PACE UMAG, enfatiz\u00f3 que \u201cnosotros trabajamos desde agosto\nhasta ahora realizando talleres, restructurando el material, para que sea m\u00e1s\nentretenido y as\u00ed motivar a los estudiantes a conectarse, trabajando la\ninteracci\u00f3n, ri\u00e9ndonos con ellos, acompa\u00f1\u00e1ndolos, pregunt\u00e1ndoles su opini\u00f3n en\nlos temas y c\u00f3mo se sienten, lo que sirvi\u00f3 mucho para que sigan asistiendo a un\nsegundo o tercer taller y eso nos deja muy felices y estamos agradecidos por la\nalta convocatoria y los resultados\u201d. <\/p>\n\n\n\n<p>\u201cTambi\u00e9n transformamos talleres\nen gu\u00edas para los alumnos que no ten\u00edan acceso a internet, elabor\u00e1ndolos de la\nforma m\u00e1s did\u00e1ctica y nos centramos en talleres de manejo de emociones y\ncontrol del estr\u00e9s. Adem\u00e1s quisiera destacar la colaboraci\u00f3n de las\ncontrapartes, por coordinar los talleres con los estudiantes, recordar que\ningresen y enviar los link a tiempo\u201d. <\/p>\n\n\n\n<p>En cuanto a las charlas, Aracelli\nParada de la Unidad de Promoci\u00f3n y Orientaci\u00f3n Universitaria, se refiri\u00f3 a que\n\u201ccomo unidad hemos hecho muchas charlas intentado llegar a todos los\nestablecimientos de la regi\u00f3n, primero charlas institucionales, mostrando la\noferta acad\u00e9mica 2021 y luego charlas por especialidad. Frente a la pandemia\ntuvimos que modificar el plan de trabajo 2020 y reinventarnos para poder llegar\na los estudiantes y realizar actividades de promoci\u00f3n, ya que no se pudo llevar\na cabo la actividad m\u00e1s importante, que es la Universidad Abierta, donde\nconoc\u00edan las dependencias, las caracter\u00edsticas de cada carrera y se realizaban\ncharlas de becas y beneficios. Sin duda esto ha sido un trabajo enorme, pero a\nla vez fruct\u00edfero, ya que se ha sentido el inter\u00e9s por parte de los estudiantes\nen las diferentes carreras, se presentan muchas inquietudes con respecto a las\nclases online, la vuelta a la presencialidad, entre otras, y tratamos de\naclarar esas dudas\u201d. <\/p>\n\n\n\n<p>Para finalizar, Evelyn C\u00e1rcamo y\nMar\u00eda Jimena Zu\u00f1iga, Profesionales de la DAE UMAG, sostuvieron que \u201cnosotros\ncomo DAE hemos estado participando de las diferentes actividades que ha\nrealizado el PACE y la Unidad de Promoci\u00f3n para dar a conocer los beneficios\nestudiantiles que entrega el Ministerio, la Junaeb y las becas internas de la\nUniversidad de Magallanes, estando a disposici\u00f3n para ayudar a los estudiantes\na llenar su FUAS y destacar que los invitamos a estar pendientes de las fechas\nde las diferentes postulaciones\u201d. <\/p>\n","protected":false},"excerpt":{"rendered":"<p>El equipo de Preparaci\u00f3n en la Ense\u00f1anza Media (PEM) del Programa de Acompa\u00f1amiento y Acceso Efectivo a la Educaci\u00f3n Superior (PACE) realiz\u00f3 tres Jornadas de Admisi\u00f3n 2021, dirigidas a los&#8230; <a class=\"read-more\" href=\"https:\/\/www.radiopresidenteibanez.cl\/web\/pace-umag-realizo-jornadas-de-admision-2021\/\">Leer m\u00e1s<\/a><\/p>\n","protected":false},"author":2,"featured_media":16098,"comment_status":"closed","ping_status":"closed","sticky":false,"template":"","format":"standard","meta":{"footnotes":""},"categories":[1],"tags":[],"class_list":["post-16097","post","type-post","status-publish","format-standard","has-post-thumbnail","hentry","category-cronica"],"_links":{"self":[{"href":"https:\/\/www.radiopresidenteibanez.cl\/web\/wp-json\/wp\/v2\/posts\/16097","targetHints":{"allow":["GET"]}}],"collection":[{"href":"https:\/\/www.radiopresidenteibanez.cl\/web\/wp-json\/wp\/v2\/posts"}],"about":[{"href":"https:\/\/www.radiopresidenteibanez.cl\/web\/wp-json\/wp\/v2\/types\/post"}],"author":[{"embeddable":true,"href":"https:\/\/www.radiopresidenteibanez.cl\/web\/wp-json\/wp\/v2\/users\/2"}],"replies":[{"embeddable":true,"href":"https:\/\/www.radiopresidenteibanez.cl\/web\/wp-json\/wp\/v2\/comments?post=16097"}],"version-history":[{"count":0,"href":"https:\/\/www.radiopresidenteibanez.cl\/web\/wp-json\/wp\/v2\/posts\/16097\/revisions"}],"wp:featuredmedia":[{"embeddable":true,"href":"https:\/\/www.radiopresidenteibanez.cl\/web\/wp-json\/wp\/v2\/media\/16098"}],"wp:attachment":[{"href":"https:\/\/www.radiopresidenteibanez.cl\/web\/wp-json\/wp\/v2\/media?parent=16097"}],"wp:term":[{"taxonomy":"category","embeddable":true,"href":"https:\/\/www.radiopresidenteibanez.cl\/web\/wp-json\/wp\/v2\/categories?post=16097"},{"taxonomy":"post_tag","embeddable":true,"href":"https:\/\/www.radiopresidenteibanez.cl\/web\/wp-json\/wp\/v2\/tags?post=16097"}],"curies":[{"name":"wp","href":"https:\/\/api.w.org\/{rel}","templated":true}]}}