{"id":16095,"date":"2020-11-17T14:50:00","date_gmt":"2020-11-17T14:50:00","guid":{"rendered":"https:\/\/www.radiopresidenteibanez.cl\/web\/?p=16095"},"modified":"2020-11-17T14:50:06","modified_gmt":"2020-11-17T14:50:06","slug":"fiscalia-notifico-a-cormupa-por-demanda-contra-el-ex-alcalde-boccazzy-y-secretaria-general-cristina-susi","status":"publish","type":"post","link":"https:\/\/www.radiopresidenteibanez.cl\/web\/fiscalia-notifico-a-cormupa-por-demanda-contra-el-ex-alcalde-boccazzy-y-secretaria-general-cristina-susi\/","title":{"rendered":"FISCAL\u00cdA NOTIFIC\u00d3 A CORMUPA POR DEMANDA CONTRA EL EX ALCALDE BOCCAZZY Y SECRETARIA GENERAL, CRISTINA SUSI"},"content":{"rendered":"\n<p>Durante esta jornada hemos recibido una notificaci\u00f3n de la Fiscal\u00eda, la cual se relaciona con una causa presentada en febrero del a\u00f1o 2016, contra el Ex Alcalde Emilio Boccazzi y Ex Secretaria General de la Corporaci\u00f3n Municipal, Cristina Susi, por parte de uno de los gremios que agrupa a los Asistentes de la Educaci\u00f3n, esto a causa del no cumplimiento de los pagos previsionales de dichos trabajadores.<\/p>\n\n\n\n<p>Frente a ello, debo aclarar que se ha generado una confusi\u00f3n producto de un pago que hemos hecho el d\u00eda de hoy, relacionado a las previsiones de los Asistentes de la Educaci\u00f3n, referente a &nbsp;los \u00faltimos 60 d\u00edas, ya que en paralelo, lleg\u00f3 una resoluci\u00f3n de la Fiscal\u00eda que cita al Alcalde y a m\u00ed, como Secretario General de la Corporaci\u00f3n Municipal de Punta Arenas, a una audiencia de formalizaci\u00f3n producto de una querella presentada por uno de los sindicatos contra el ex alcalde Emlio Bocazzi y su Secretaria General, Cristina Susi, por deudas previsionales del a\u00f1o 2015 \u2013 2016, que esta administraci\u00f3n PAG\u00d3 y que ha seguido pagando pese a todo.<\/p>\n\n\n\n<p>Dicho esto, reitero que frente a todos los inconvenientes que ha generado la pandemia, hemos invertido m\u00e1s de mil millones de pesos en dotar de COMPUTADORES, TABLETS e INTERNET&nbsp; para nuestros estudiantes y docentes, pese a que han disminuido notablemente los ingresos a la Corporaci\u00f3n Municipal de Punta Arenas, reafirmando nuestro compromiso y trabajo por mantener el servicio educativo durante el 2020.<\/p>\n","protected":false},"excerpt":{"rendered":"<p>Durante esta jornada hemos recibido una notificaci\u00f3n de la Fiscal\u00eda, la cual se relaciona con una causa presentada en febrero del a\u00f1o 2016, contra el Ex Alcalde Emilio Boccazzi y&#8230; <a class=\"read-more\" href=\"https:\/\/www.radiopresidenteibanez.cl\/web\/fiscalia-notifico-a-cormupa-por-demanda-contra-el-ex-alcalde-boccazzy-y-secretaria-general-cristina-susi\/\">Leer m\u00e1s<\/a><\/p>\n","protected":false},"author":2,"featured_media":1620,"comment_status":"closed","ping_status":"closed","sticky":false,"template":"","format":"standard","meta":{"footnotes":""},"categories":[1],"tags":[],"class_list":["post-16095","post","type-post","status-publish","format-standard","has-post-thumbnail","hentry","category-cronica"],"_links":{"self":[{"href":"https:\/\/www.radiopresidenteibanez.cl\/web\/wp-json\/wp\/v2\/posts\/16095","targetHints":{"allow":["GET"]}}],"collection":[{"href":"https:\/\/www.radiopresidenteibanez.cl\/web\/wp-json\/wp\/v2\/posts"}],"about":[{"href":"https:\/\/www.radiopresidenteibanez.cl\/web\/wp-json\/wp\/v2\/types\/post"}],"author":[{"embeddable":true,"href":"https:\/\/www.radiopresidenteibanez.cl\/web\/wp-json\/wp\/v2\/users\/2"}],"replies":[{"embeddable":true,"href":"https:\/\/www.radiopresidenteibanez.cl\/web\/wp-json\/wp\/v2\/comments?post=16095"}],"version-history":[{"count":0,"href":"https:\/\/www.radiopresidenteibanez.cl\/web\/wp-json\/wp\/v2\/posts\/16095\/revisions"}],"wp:featuredmedia":[{"embeddable":true,"href":"https:\/\/www.radiopresidenteibanez.cl\/web\/wp-json\/wp\/v2\/media\/1620"}],"wp:attachment":[{"href":"https:\/\/www.radiopresidenteibanez.cl\/web\/wp-json\/wp\/v2\/media?parent=16095"}],"wp:term":[{"taxonomy":"category","embeddable":true,"href":"https:\/\/www.radiopresidenteibanez.cl\/web\/wp-json\/wp\/v2\/categories?post=16095"},{"taxonomy":"post_tag","embeddable":true,"href":"https:\/\/www.radiopresidenteibanez.cl\/web\/wp-json\/wp\/v2\/tags?post=16095"}],"curies":[{"name":"wp","href":"https:\/\/api.w.org\/{rel}","templated":true}]}}