{"id":16092,"date":"2020-11-17T14:20:15","date_gmt":"2020-11-17T14:20:15","guid":{"rendered":"https:\/\/www.radiopresidenteibanez.cl\/web\/?p=16092"},"modified":"2020-11-17T16:27:48","modified_gmt":"2020-11-17T16:27:48","slug":"dialogos-municipales-martes-a-partir-de-las-1200-horas","status":"publish","type":"post","link":"https:\/\/www.radiopresidenteibanez.cl\/web\/dialogos-municipales-martes-a-partir-de-las-1200-horas\/","title":{"rendered":"\u201cDI\u00c1LOGOS MUNICIPALES\u201d MARTES A PARTIR DE LAS 12:00 HORAS"},"content":{"rendered":"\n<p>Los martes a partir de las 12:00 horas, no se pierda \u201cDi\u00e1logos Municipales\u201d que ser\u00e1 conducido por Vanja Rogosich y Pablo Bussenius, en la ocasi\u00f3n abordar\u00e1n los temas de contingencia de la principal comuna de Magallanes, s\u00edganos, en todas nuestras plataformas.<\/p>\n","protected":false},"excerpt":{"rendered":"<p>Los martes a partir de las 12:00 horas, no se pierda \u201cDi\u00e1logos Municipales\u201d que ser\u00e1 conducido por Vanja Rogosich y Pablo Bussenius, en la ocasi\u00f3n abordar\u00e1n los temas de contingencia&#8230; <a class=\"read-more\" href=\"https:\/\/www.radiopresidenteibanez.cl\/web\/dialogos-municipales-martes-a-partir-de-las-1200-horas\/\">Leer m\u00e1s<\/a><\/p>\n","protected":false},"author":2,"featured_media":16101,"comment_status":"closed","ping_status":"closed","sticky":false,"template":"","format":"standard","meta":{"footnotes":""},"categories":[1],"tags":[],"class_list":["post-16092","post","type-post","status-publish","format-standard","has-post-thumbnail","hentry","category-cronica"],"_links":{"self":[{"href":"https:\/\/www.radiopresidenteibanez.cl\/web\/wp-json\/wp\/v2\/posts\/16092","targetHints":{"allow":["GET"]}}],"collection":[{"href":"https:\/\/www.radiopresidenteibanez.cl\/web\/wp-json\/wp\/v2\/posts"}],"about":[{"href":"https:\/\/www.radiopresidenteibanez.cl\/web\/wp-json\/wp\/v2\/types\/post"}],"author":[{"embeddable":true,"href":"https:\/\/www.radiopresidenteibanez.cl\/web\/wp-json\/wp\/v2\/users\/2"}],"replies":[{"embeddable":true,"href":"https:\/\/www.radiopresidenteibanez.cl\/web\/wp-json\/wp\/v2\/comments?post=16092"}],"version-history":[{"count":0,"href":"https:\/\/www.radiopresidenteibanez.cl\/web\/wp-json\/wp\/v2\/posts\/16092\/revisions"}],"wp:featuredmedia":[{"embeddable":true,"href":"https:\/\/www.radiopresidenteibanez.cl\/web\/wp-json\/wp\/v2\/media\/16101"}],"wp:attachment":[{"href":"https:\/\/www.radiopresidenteibanez.cl\/web\/wp-json\/wp\/v2\/media?parent=16092"}],"wp:term":[{"taxonomy":"category","embeddable":true,"href":"https:\/\/www.radiopresidenteibanez.cl\/web\/wp-json\/wp\/v2\/categories?post=16092"},{"taxonomy":"post_tag","embeddable":true,"href":"https:\/\/www.radiopresidenteibanez.cl\/web\/wp-json\/wp\/v2\/tags?post=16092"}],"curies":[{"name":"wp","href":"https:\/\/api.w.org\/{rel}","templated":true}]}}