{"id":16089,"date":"2020-11-17T14:16:02","date_gmt":"2020-11-17T14:16:02","guid":{"rendered":"https:\/\/www.radiopresidenteibanez.cl\/web\/?p=16089"},"modified":"2020-11-17T14:16:07","modified_gmt":"2020-11-17T14:16:07","slug":"vuelve-la-brujula-todos-los-sabados-desde-las-1030-horas","status":"publish","type":"post","link":"https:\/\/www.radiopresidenteibanez.cl\/web\/vuelve-la-brujula-todos-los-sabados-desde-las-1030-horas\/","title":{"rendered":"VUELVE \u00abLA BR\u00daJULA\u00bb TODOS LOS S\u00c1BADOS DESDE LAS 10:30 HORAS"},"content":{"rendered":"\n<p>Este s\u00e1bado comienza una nueva temporada de \u201cLa Br\u00fajula, para no perder el sur\u201d, el programa que ser\u00e1 conducido por Marcela Baratelli y Manuel Rodr\u00edguez, ir\u00e1 de 10:30 a 12:00 horas, a trav\u00e9s, de nuestras distintas plataformas.<\/p>\n","protected":false},"excerpt":{"rendered":"<p>Este s\u00e1bado comienza una nueva temporada de \u201cLa Br\u00fajula, para no perder el sur\u201d, el programa que ser\u00e1 conducido por Marcela Baratelli y Manuel Rodr\u00edguez, ir\u00e1 de 10:30 a 12:00&#8230; <a class=\"read-more\" href=\"https:\/\/www.radiopresidenteibanez.cl\/web\/vuelve-la-brujula-todos-los-sabados-desde-las-1030-horas\/\">Leer m\u00e1s<\/a><\/p>\n","protected":false},"author":2,"featured_media":16090,"comment_status":"closed","ping_status":"closed","sticky":false,"template":"","format":"standard","meta":{"footnotes":""},"categories":[1],"tags":[],"class_list":["post-16089","post","type-post","status-publish","format-standard","has-post-thumbnail","hentry","category-cronica"],"_links":{"self":[{"href":"https:\/\/www.radiopresidenteibanez.cl\/web\/wp-json\/wp\/v2\/posts\/16089","targetHints":{"allow":["GET"]}}],"collection":[{"href":"https:\/\/www.radiopresidenteibanez.cl\/web\/wp-json\/wp\/v2\/posts"}],"about":[{"href":"https:\/\/www.radiopresidenteibanez.cl\/web\/wp-json\/wp\/v2\/types\/post"}],"author":[{"embeddable":true,"href":"https:\/\/www.radiopresidenteibanez.cl\/web\/wp-json\/wp\/v2\/users\/2"}],"replies":[{"embeddable":true,"href":"https:\/\/www.radiopresidenteibanez.cl\/web\/wp-json\/wp\/v2\/comments?post=16089"}],"version-history":[{"count":0,"href":"https:\/\/www.radiopresidenteibanez.cl\/web\/wp-json\/wp\/v2\/posts\/16089\/revisions"}],"wp:featuredmedia":[{"embeddable":true,"href":"https:\/\/www.radiopresidenteibanez.cl\/web\/wp-json\/wp\/v2\/media\/16090"}],"wp:attachment":[{"href":"https:\/\/www.radiopresidenteibanez.cl\/web\/wp-json\/wp\/v2\/media?parent=16089"}],"wp:term":[{"taxonomy":"category","embeddable":true,"href":"https:\/\/www.radiopresidenteibanez.cl\/web\/wp-json\/wp\/v2\/categories?post=16089"},{"taxonomy":"post_tag","embeddable":true,"href":"https:\/\/www.radiopresidenteibanez.cl\/web\/wp-json\/wp\/v2\/tags?post=16089"}],"curies":[{"name":"wp","href":"https:\/\/api.w.org\/{rel}","templated":true}]}}