{"id":16086,"date":"2020-11-17T14:06:37","date_gmt":"2020-11-17T14:06:37","guid":{"rendered":"https:\/\/www.radiopresidenteibanez.cl\/web\/?p=16086"},"modified":"2020-11-17T14:06:42","modified_gmt":"2020-11-17T14:06:42","slug":"municipio-busca-elaborar-una-nueva-estrategia-energetica-local","status":"publish","type":"post","link":"https:\/\/www.radiopresidenteibanez.cl\/web\/municipio-busca-elaborar-una-nueva-estrategia-energetica-local\/","title":{"rendered":"MUNICIPIO BUSCA ELABORAR UNA NUEVA ESTRATEGIA ENERG\u00c9TICA LOCAL"},"content":{"rendered":"\n<p>La Municipalidad de Punta Arenas y el Ministerio de Energ\u00eda, est\u00e1n trabajando en la construcci\u00f3n de la Estrategia Energ\u00e9tica Local, con el fin de avanzar en el cuidado del medio ambiente y uso de energ\u00edas renovables, por lo que actualmente se encuentra en proceso de licitaci\u00f3n.<\/p>\n\n\n\n<p>Se espera que el resultado de la consultor\u00eda permita al municipio obtener su EEL, herramienta de planificaci\u00f3n energ\u00e9tica local del programa Comuna Energ\u00e9tica, impulsado por la Agencia de Sostenibilidad Energ\u00e9tica y el Ministerio de Energ\u00eda.<\/p>\n\n\n\n<p>Los objetivos ser\u00e1n plasmados en un informe que ser\u00e1 la carta de navegaci\u00f3n para el futuro de la comuna en materia energ\u00e9tica desde los proyectos municipales, lo que no s\u00f3lo involucra la energ\u00eda el\u00e9ctrica, sino que tambi\u00e9n solar, h\u00eddrica, e\u00f3lica u otras alternativas relacionadas a la eficiencia.<\/p>\n\n\n\n<p>Seg\u00fan lo que adelant\u00f3 el Alcalde, \u201cla opini\u00f3n de la sociedad civil tambi\u00e9n ser\u00e1 parte de la Estrategia, porque nuestra ciudad cumple un rol importante como puerta de entrada a la Ant\u00e1rtica y base cient\u00edfica para el resto de Chile, vinculandose con las nuevas energ\u00edas que pueden impulsar un nuevo horizonte\u201d.<\/p>\n\n\n\n<p>Finalmente, Radonich agreg\u00f3 que \u201cen base a ello, se definir\u00e1n lineamientos comunales para el futuro energ\u00e9tico de la comuna en base a iniciativas y proyectos locales, los cuales van en l\u00ednea con los objetivos y metas ambientales de todo el pa\u00eds, pensando en los pr\u00f3ximos 30 a\u00f1os\u201d.<\/p>\n","protected":false},"excerpt":{"rendered":"<p>La Municipalidad de Punta Arenas y el Ministerio de Energ\u00eda, est\u00e1n trabajando en la construcci\u00f3n de la Estrategia Energ\u00e9tica Local, con el fin de avanzar en el cuidado del medio&#8230; <a class=\"read-more\" href=\"https:\/\/www.radiopresidenteibanez.cl\/web\/municipio-busca-elaborar-una-nueva-estrategia-energetica-local\/\">Leer m\u00e1s<\/a><\/p>\n","protected":false},"author":2,"featured_media":16087,"comment_status":"closed","ping_status":"closed","sticky":false,"template":"","format":"standard","meta":{"footnotes":""},"categories":[1],"tags":[],"class_list":["post-16086","post","type-post","status-publish","format-standard","has-post-thumbnail","hentry","category-cronica"],"_links":{"self":[{"href":"https:\/\/www.radiopresidenteibanez.cl\/web\/wp-json\/wp\/v2\/posts\/16086","targetHints":{"allow":["GET"]}}],"collection":[{"href":"https:\/\/www.radiopresidenteibanez.cl\/web\/wp-json\/wp\/v2\/posts"}],"about":[{"href":"https:\/\/www.radiopresidenteibanez.cl\/web\/wp-json\/wp\/v2\/types\/post"}],"author":[{"embeddable":true,"href":"https:\/\/www.radiopresidenteibanez.cl\/web\/wp-json\/wp\/v2\/users\/2"}],"replies":[{"embeddable":true,"href":"https:\/\/www.radiopresidenteibanez.cl\/web\/wp-json\/wp\/v2\/comments?post=16086"}],"version-history":[{"count":0,"href":"https:\/\/www.radiopresidenteibanez.cl\/web\/wp-json\/wp\/v2\/posts\/16086\/revisions"}],"wp:featuredmedia":[{"embeddable":true,"href":"https:\/\/www.radiopresidenteibanez.cl\/web\/wp-json\/wp\/v2\/media\/16087"}],"wp:attachment":[{"href":"https:\/\/www.radiopresidenteibanez.cl\/web\/wp-json\/wp\/v2\/media?parent=16086"}],"wp:term":[{"taxonomy":"category","embeddable":true,"href":"https:\/\/www.radiopresidenteibanez.cl\/web\/wp-json\/wp\/v2\/categories?post=16086"},{"taxonomy":"post_tag","embeddable":true,"href":"https:\/\/www.radiopresidenteibanez.cl\/web\/wp-json\/wp\/v2\/tags?post=16086"}],"curies":[{"name":"wp","href":"https:\/\/api.w.org\/{rel}","templated":true}]}}