{"id":16081,"date":"2020-11-17T13:57:52","date_gmt":"2020-11-17T13:57:52","guid":{"rendered":"https:\/\/www.radiopresidenteibanez.cl\/web\/?p=16081"},"modified":"2020-11-17T13:57:57","modified_gmt":"2020-11-17T13:57:57","slug":"red-hospitalaria-de-magallanes-se-robustece-para-una-mejor-atencion-en-contexto-covid-19","status":"publish","type":"post","link":"https:\/\/www.radiopresidenteibanez.cl\/web\/red-hospitalaria-de-magallanes-se-robustece-para-una-mejor-atencion-en-contexto-covid-19\/","title":{"rendered":"RED HOSPITALARIA DE MAGALLANES SE ROBUSTECE PARA UNA MEJOR ATENCI\u00d3N EN CONTEXTO COVID-19"},"content":{"rendered":"\n<p>A 8 meses del primer caso de COVID-19 diagnosticado en Magallanes, el\navance y respuesta de la Red Asistencial y Red Integrada se ha visto fortalecida,\na ra\u00edz de las diversas gestiones e inversiones realizadas desde el nivel regional\ny central.<\/p>\n\n\n\n<p>Como bien se\u00f1ala el director del Servicio de Salud Magallanes, Nelson\nReyes, la Red Asistencial se ha visto robustecida a trav\u00e9s de la ejecuci\u00f3n del proyecto\nAdquisici\u00f3n de equipos e insumos COVID-19, financiado por Gobierno Regional con\naprobaci\u00f3n del Consejo Regional de Magallanes, adem\u00e1s de los diversos equipos\nderivados desde nivel central y los adquiridos localmente con fondos propios\ndel Servicio de Salud.<\/p>\n\n\n\n<p>En este sentido, vale recordar que, al inicio de la pandemia,\nMagallanes contaba en su red asistencial con s\u00f3lo 6 camas UCI y 8 ventiladores\nmec\u00e1nicos invasivos; camas que han aumentado a 24 en el Hospital Cl\u00ednico\nMagallanes y 38 ventiladores, 33 en Punta Arenas y 5 en Puerto Natales; avances\na los que debemos sumar c\u00e1nulas de alto flujo, monitores multipar\u00e1metros,\nequipos de rayos X port\u00e1tiles, camas de \u00faltima tecnolog\u00eda y la implementaci\u00f3n\ndel nuevo laboratorio de biolog\u00eda molecular del Hospital Dr. Augusto Essmann\nBurgos de Puerto Natales, entre otros equipos y equipamientos.<\/p>\n\n\n\n<p>De igual forma, el director de Servicio, reiter\u00f3 que la evoluci\u00f3n del\nCOVID-19 ha sido din\u00e1mica, lo que ha obligado a modificar la planificaci\u00f3n\nprevia, generando nuevas estrategias que permitan a la Red brindar las\natenciones necesarias. \u201cMantenemos los egresos por traslado de pacientes\nCOVID-19 en coordinaci\u00f3n con la Unidad de Gesti\u00f3n Centralizada de Camas UGCC\ndel Ministerio de Salud; de hecho desde el 27 de agosto al 15 de noviembre,\nregistramos 117 trasladados de pacientes COVID-19, 102 desde Punta Arenas y 15\ndesde Puerto Natales, derivados hacia establecimientos de salud \u2013 especialmente\n&#8211; de la Regi\u00f3n Metropolitana; de ellos, han retornado 31 personas y debemos\nlamentar el fallecimiento de otras 28 personas\u201d, coment\u00f3 el director Reyes.<\/p>\n\n\n\n<p>Agregando el Director de Servicio que, si bien se ha avanzado en c\u00f3mo\nenfrentar la pandemia desde el punto de vista cl\u00ednico, se necesita del\ncompromiso de todos para disminuir los casos. \u201cEstos meses han sido duros para\nnuestra regi\u00f3n, porque la pandemia no es algo que afecte s\u00f3lo a nuestro sector,\nsino que afecta transversalmente a toda nuestra comunidad y a nuestros\nfuncionarios, es as\u00ed como en estos momentos registramos en nuestra Red\nAsistencial, considerando a nuestros 4 establecimientos hospitalarios, los\nestablecimientos de Atenci\u00f3n Primaria, SAMU, Salud Mental y Direcci\u00f3n de\nServicio, 50 funcionarios positivos, 31&nbsp;\nen cuarentena preventiva por contacto estrecho y 681 de alta, involucrando\nla necesidad patente de contar con recurso humano para poder cubrir las distintas\nnecesidades de personal\u201d; sin embargo, el director fue claro en se\u00f1alar que la\nmayor falencia hoy en d\u00eda en la regi\u00f3n, es el contar con recurso humano\nespecializado.<\/p>\n\n\n\n<p>\u201cComo Direcci\u00f3n de Servicio, junto a la Direcci\u00f3n del Hospital Cl\u00ednico\nMagallanes, hemos trabajado para fortalecer la gesti\u00f3n de camas de la Unidad de\nPaciente Cr\u00edtico UPC del establecimiento, mediante la apertura de 12 nuevas\ncamas UTI, las que actualmente se encuentran operativas y con una ocupaci\u00f3n del\n50% y, en Puerto Natales, hemos potenciado las camas UTI existentes, mediante\nel envi\u00f3 de ventiladores mec\u00e1nicos invasivos y c\u00e1nulas de alto flujo\u201d, indic\u00f3\nla autoridad.<\/p>\n\n\n\n<p>Agregando que, al 16 de noviembre y en conocimiento de lo din\u00e1mico de\nla pandemia, la ocupaci\u00f3n de camas cr\u00edticas en la Red Integrada es de un 68% y\nen el Hospital Cl\u00ednico de un 60.6%; respecto de la ocupaci\u00f3n de ventiladores mec\u00e1nico\ninvasivos es de un 41.6% y de un 39.3%, respectivamente.<\/p>\n\n\n\n<p>Finalmente, la autoridad junto con reiterar el compromiso del sector\nsalud con la atenci\u00f3n de la poblaci\u00f3n, efectu\u00f3 un llamado a la comunidad\nmagall\u00e1nica a respetar la cuarentena y reforzar las medidas de prevenci\u00f3n\nindicadas, referidas al lavado frecuente de manos, mantener la distancia\nsocial, utilizar mascarilla y especialmente quedarse en casa durante este\nperiodo.<\/p>\n","protected":false},"excerpt":{"rendered":"<p>A 8 meses del primer caso de COVID-19 diagnosticado en Magallanes, el avance y respuesta de la Red Asistencial y Red Integrada se ha visto fortalecida, a ra\u00edz de las&#8230; <a class=\"read-more\" href=\"https:\/\/www.radiopresidenteibanez.cl\/web\/red-hospitalaria-de-magallanes-se-robustece-para-una-mejor-atencion-en-contexto-covid-19\/\">Leer m\u00e1s<\/a><\/p>\n","protected":false},"author":2,"featured_media":16082,"comment_status":"closed","ping_status":"closed","sticky":false,"template":"","format":"standard","meta":{"footnotes":""},"categories":[1],"tags":[],"class_list":["post-16081","post","type-post","status-publish","format-standard","has-post-thumbnail","hentry","category-cronica"],"_links":{"self":[{"href":"https:\/\/www.radiopresidenteibanez.cl\/web\/wp-json\/wp\/v2\/posts\/16081","targetHints":{"allow":["GET"]}}],"collection":[{"href":"https:\/\/www.radiopresidenteibanez.cl\/web\/wp-json\/wp\/v2\/posts"}],"about":[{"href":"https:\/\/www.radiopresidenteibanez.cl\/web\/wp-json\/wp\/v2\/types\/post"}],"author":[{"embeddable":true,"href":"https:\/\/www.radiopresidenteibanez.cl\/web\/wp-json\/wp\/v2\/users\/2"}],"replies":[{"embeddable":true,"href":"https:\/\/www.radiopresidenteibanez.cl\/web\/wp-json\/wp\/v2\/comments?post=16081"}],"version-history":[{"count":0,"href":"https:\/\/www.radiopresidenteibanez.cl\/web\/wp-json\/wp\/v2\/posts\/16081\/revisions"}],"wp:featuredmedia":[{"embeddable":true,"href":"https:\/\/www.radiopresidenteibanez.cl\/web\/wp-json\/wp\/v2\/media\/16082"}],"wp:attachment":[{"href":"https:\/\/www.radiopresidenteibanez.cl\/web\/wp-json\/wp\/v2\/media?parent=16081"}],"wp:term":[{"taxonomy":"category","embeddable":true,"href":"https:\/\/www.radiopresidenteibanez.cl\/web\/wp-json\/wp\/v2\/categories?post=16081"},{"taxonomy":"post_tag","embeddable":true,"href":"https:\/\/www.radiopresidenteibanez.cl\/web\/wp-json\/wp\/v2\/tags?post=16081"}],"curies":[{"name":"wp","href":"https:\/\/api.w.org\/{rel}","templated":true}]}}