{"id":16066,"date":"2020-11-16T14:15:54","date_gmt":"2020-11-16T14:15:54","guid":{"rendered":"https:\/\/www.radiopresidenteibanez.cl\/web\/?p=16066"},"modified":"2020-11-16T14:15:59","modified_gmt":"2020-11-16T14:15:59","slug":"autoridad-maritima-de-puerto-natales-coordina-el-rescate-de-22-personas-desde-centro-de-cultivo","status":"publish","type":"post","link":"https:\/\/www.radiopresidenteibanez.cl\/web\/autoridad-maritima-de-puerto-natales-coordina-el-rescate-de-22-personas-desde-centro-de-cultivo\/","title":{"rendered":"AUTORIDAD MAR\u00cdTIMA DE PUERTO NATALES COORDINA EL RESCATE DE 22 PERSONAS DESDE CENTRO DE CULTIVO"},"content":{"rendered":"\n<p>La Tercera Zona Naval informa que a las 22 horas del 14 de noviembre, se recibi\u00f3 llamado de emergencia de la Empresa \u00abAustralis Mar\u00bb indicando que el pont\u00f3n de habitabilidad del Centro de Cultivo \u00abPunta Obstrucci\u00f3n\u00bb, a 33 km al sur de Puerto Natales con 22 personas a bordo, se encontraba con v\u00edas de agua por corte de maniobra de fondeo y colisi\u00f3n con un segundo pont\u00f3n que se encontraba contiguo de nombre \u00abAustralis X\u00bb.<\/p>\n\n\n\n<p>De inmediato, la Autoridad Mar\u00edtima dispuso el zarpe de las LSR 4422, LSR 4431 y LSG \u00abPuerto Natales\u00bb.<\/p>\n\n\n\n<p>Posteriormente, las 22 personas fueron evacuadas en buenas condiciones de salud desde el pont\u00f3n siniestrado \u00abAustralis X\u00bb y embarcadas en la Lancha Motor \u00abAuk\u00e1n\u00bb, que inici\u00f3 su navegaci\u00f3n rumbo a Puerto Natales escoltadas por las Unidades Navales. Todas las personas ser\u00e1n derivadas a un centro asistencial para su evaluaci\u00f3n.&nbsp;<\/p>\n\n\n\n<p>Seg\u00fan los primeros peritajes no se&nbsp; han apreciado da\u00f1o o amenazas al&nbsp; medio ambiente acu\u00e1tico, lo cual, ser\u00e1 corroborado y monitoreando durante la jornada del 15 de noviembre&nbsp; por Servidores Navales de la Autoridad Mar\u00edtima.<\/p>\n","protected":false},"excerpt":{"rendered":"<p>La Tercera Zona Naval informa que a las 22 horas del 14 de noviembre, se recibi\u00f3 llamado de emergencia de la Empresa \u00abAustralis Mar\u00bb indicando que el pont\u00f3n de habitabilidad&#8230; <a class=\"read-more\" href=\"https:\/\/www.radiopresidenteibanez.cl\/web\/autoridad-maritima-de-puerto-natales-coordina-el-rescate-de-22-personas-desde-centro-de-cultivo\/\">Leer m\u00e1s<\/a><\/p>\n","protected":false},"author":2,"featured_media":16067,"comment_status":"closed","ping_status":"closed","sticky":false,"template":"","format":"standard","meta":{"footnotes":""},"categories":[1],"tags":[],"class_list":["post-16066","post","type-post","status-publish","format-standard","has-post-thumbnail","hentry","category-cronica"],"_links":{"self":[{"href":"https:\/\/www.radiopresidenteibanez.cl\/web\/wp-json\/wp\/v2\/posts\/16066","targetHints":{"allow":["GET"]}}],"collection":[{"href":"https:\/\/www.radiopresidenteibanez.cl\/web\/wp-json\/wp\/v2\/posts"}],"about":[{"href":"https:\/\/www.radiopresidenteibanez.cl\/web\/wp-json\/wp\/v2\/types\/post"}],"author":[{"embeddable":true,"href":"https:\/\/www.radiopresidenteibanez.cl\/web\/wp-json\/wp\/v2\/users\/2"}],"replies":[{"embeddable":true,"href":"https:\/\/www.radiopresidenteibanez.cl\/web\/wp-json\/wp\/v2\/comments?post=16066"}],"version-history":[{"count":0,"href":"https:\/\/www.radiopresidenteibanez.cl\/web\/wp-json\/wp\/v2\/posts\/16066\/revisions"}],"wp:featuredmedia":[{"embeddable":true,"href":"https:\/\/www.radiopresidenteibanez.cl\/web\/wp-json\/wp\/v2\/media\/16067"}],"wp:attachment":[{"href":"https:\/\/www.radiopresidenteibanez.cl\/web\/wp-json\/wp\/v2\/media?parent=16066"}],"wp:term":[{"taxonomy":"category","embeddable":true,"href":"https:\/\/www.radiopresidenteibanez.cl\/web\/wp-json\/wp\/v2\/categories?post=16066"},{"taxonomy":"post_tag","embeddable":true,"href":"https:\/\/www.radiopresidenteibanez.cl\/web\/wp-json\/wp\/v2\/tags?post=16066"}],"curies":[{"name":"wp","href":"https:\/\/api.w.org\/{rel}","templated":true}]}}