{"id":16064,"date":"2020-11-16T14:06:37","date_gmt":"2020-11-16T14:06:37","guid":{"rendered":"https:\/\/www.radiopresidenteibanez.cl\/web\/?p=16064"},"modified":"2020-11-16T14:06:41","modified_gmt":"2020-11-16T14:06:41","slug":"candidatas-y-candidatos-de-convergencia-social-firman-compromiso-para-abrir-los-gobiernos-locales-a-la-ciudadania-arturo-diaz-ira-a-la-alcaldia-de-punta-arenas","status":"publish","type":"post","link":"https:\/\/www.radiopresidenteibanez.cl\/web\/candidatas-y-candidatos-de-convergencia-social-firman-compromiso-para-abrir-los-gobiernos-locales-a-la-ciudadania-arturo-diaz-ira-a-la-alcaldia-de-punta-arenas\/","title":{"rendered":"CANDIDATAS Y CANDIDATOS DE CONVERGENCIA SOCIAL FIRMAN COMPROMISO PARA ABRIR LOS GOBIERNOS LOCALES A LA CIUDADAN\u00cdA, ARTURO DIAZ IR\u00c1 A LA ALCALD\u00cdA DE PUNTA ARENAS"},"content":{"rendered":"\n<p>Este s\u00e1bado,\ntrece candidatas y candidatos a gobiernos locales de todo Chile junto a la\npresidenta de Convergencia Social, Alondra Arellano, firmaron el documento \u201c<strong>12 compromisos de las candidaturas de\nConvergencia Social a los gobiernos locales\u201d<\/strong> que contiene iniciativas a\nimplementar por los representantes de los municipios y gobiernos regionales que\nganen las elecciones del pr\u00f3ximo a\u00f1o.<\/p>\n\n\n\n<p>En el\ndocumento se\u00f1alan que \u201cla participaci\u00f3n vinculante de la ciudadan\u00eda, el\nprincipio de probidad en todo ejercicio pol\u00edtico, el deber de representar con\nclaridad a los territorios organizados y constituirnos como una fuerza\ntransformadora al servicio de las mayor\u00edas\u201d, son los argumentos que los\nllevaron a plantear este compromiso.<\/p>\n\n\n\n<p>Destacan la\nimplementaci\u00f3n de <strong>plebiscitos y\nconsultas comunales<\/strong>, la <strong>organizaci\u00f3n\nde cabildos<\/strong> para la Convenci\u00f3n Constitucional, la <strong>toma de decisiones multipartitas en comunidades educativas<\/strong> y la no\naplicaci\u00f3n de<strong> Aula Segura<\/strong>. Tambi\u00e9n <strong>pol\u00edticas municipales y ordenanzas para\nerradicar la violencia de g\u00e9nero<\/strong>, <strong>el\nfin del subcontrato <\/strong>de trabajadores de aseo y ornato, y <strong>paridad e igualdad salarial para\nfuncionarios y funcionarias.<\/strong><\/p>\n\n\n\n<p>Al respecto,\nla timonel de la tienda frenteamplista, <strong>Alondra\nArellano<\/strong>, se mostr\u00f3 contenta con el compromiso suscrito y declar\u00f3 que \u201cla\nciudadan\u00eda ha sido clara, quiere m\u00e1s participaci\u00f3n, democracia e incidencia,\npor eso nos comprometemos a abrir los gobiernos locales a nuestras vecinas y\nvecinos, garantizandoles transparencia y procesos de participaci\u00f3n vinculantes,\njunto a la defensa de sus derechos sociales\u201d.<\/p>\n\n\n\n<p>Haciendo eco\nde las palabras de Arellano, <strong>Nataly\nCampusano<\/strong>, la principal apuesta de CS y \u00fanica candidata mujer que disputar\u00e1\nel gobierno regional de Valpara\u00edso, se\u00f1al\u00f3 que \u201cvenimos de los movimientos\nsociales, ah\u00ed es donde nos formamos pol\u00edticamente y desde donde decidimos\nfundar el Frente Amplio. Por eso es que para nosotras la participaci\u00f3n\nciudadana es central, tenemos que ser capaces de empujar entre todas, todos y\ntodes el desarrollo y la descentralizaci\u00f3n en la Quinta regi\u00f3n, con perspectiva\nfeminista y mirada medioambiental\u00bb.<\/p>\n\n\n\n<p>En tanto,\ndesde la zona austral el concejal y candidato al sill\u00f3n edilicio de Punta\nArenas, <strong>Arturo D\u00edaz<\/strong>, manifest\u00f3 que\n\u00abnuestra gran tarea es avanzar hacia municipios transformadores y\ndemocr\u00e1ticos, construir pol\u00edticas p\u00fablicas municipales desde la base social,\nescuchando y trabajando con la ciudadan\u00eda, esa es la base de nuestro\nproyecto\u00bb.<\/p>\n","protected":false},"excerpt":{"rendered":"<p>Este s\u00e1bado, trece candidatas y candidatos a gobiernos locales de todo Chile junto a la presidenta de Convergencia Social, Alondra Arellano, firmaron el documento \u201c12 compromisos de las candidaturas de&#8230; <a class=\"read-more\" href=\"https:\/\/www.radiopresidenteibanez.cl\/web\/candidatas-y-candidatos-de-convergencia-social-firman-compromiso-para-abrir-los-gobiernos-locales-a-la-ciudadania-arturo-diaz-ira-a-la-alcaldia-de-punta-arenas\/\">Leer m\u00e1s<\/a><\/p>\n","protected":false},"author":2,"featured_media":14169,"comment_status":"closed","ping_status":"closed","sticky":false,"template":"","format":"standard","meta":{"footnotes":""},"categories":[1],"tags":[],"class_list":["post-16064","post","type-post","status-publish","format-standard","has-post-thumbnail","hentry","category-cronica"],"_links":{"self":[{"href":"https:\/\/www.radiopresidenteibanez.cl\/web\/wp-json\/wp\/v2\/posts\/16064","targetHints":{"allow":["GET"]}}],"collection":[{"href":"https:\/\/www.radiopresidenteibanez.cl\/web\/wp-json\/wp\/v2\/posts"}],"about":[{"href":"https:\/\/www.radiopresidenteibanez.cl\/web\/wp-json\/wp\/v2\/types\/post"}],"author":[{"embeddable":true,"href":"https:\/\/www.radiopresidenteibanez.cl\/web\/wp-json\/wp\/v2\/users\/2"}],"replies":[{"embeddable":true,"href":"https:\/\/www.radiopresidenteibanez.cl\/web\/wp-json\/wp\/v2\/comments?post=16064"}],"version-history":[{"count":0,"href":"https:\/\/www.radiopresidenteibanez.cl\/web\/wp-json\/wp\/v2\/posts\/16064\/revisions"}],"wp:featuredmedia":[{"embeddable":true,"href":"https:\/\/www.radiopresidenteibanez.cl\/web\/wp-json\/wp\/v2\/media\/14169"}],"wp:attachment":[{"href":"https:\/\/www.radiopresidenteibanez.cl\/web\/wp-json\/wp\/v2\/media?parent=16064"}],"wp:term":[{"taxonomy":"category","embeddable":true,"href":"https:\/\/www.radiopresidenteibanez.cl\/web\/wp-json\/wp\/v2\/categories?post=16064"},{"taxonomy":"post_tag","embeddable":true,"href":"https:\/\/www.radiopresidenteibanez.cl\/web\/wp-json\/wp\/v2\/tags?post=16064"}],"curies":[{"name":"wp","href":"https:\/\/api.w.org\/{rel}","templated":true}]}}