{"id":16061,"date":"2020-11-17T03:15:00","date_gmt":"2020-11-17T03:15:00","guid":{"rendered":"https:\/\/www.radiopresidenteibanez.cl\/web\/?p=16061"},"modified":"2020-11-16T14:01:40","modified_gmt":"2020-11-16T14:01:40","slug":"serviu-recuerda-que-todas-las-postulaciones-a-subsidio-se-estan-realizando-por-internet","status":"publish","type":"post","link":"https:\/\/www.radiopresidenteibanez.cl\/web\/serviu-recuerda-que-todas-las-postulaciones-a-subsidio-se-estan-realizando-por-internet\/","title":{"rendered":"SERVIU RECUERDA QUE TODAS LAS POSTULACIONES A SUBSIDIO SE EST\u00c1N REALIZANDO POR INTERNET"},"content":{"rendered":"\n<p>El Servicio de Vivienda y Urbanizaci\u00f3n, en el contexto de los procesos a postulaci\u00f3n de subsidios que el Ministerio de Vivienda y Urbanismo realiza cada a\u00f1o, para sus distintos programas habitacionales, recuerda a los usuarios que, dada la situaci\u00f3n de Pandemia, toda postulaci\u00f3n se realiza 100% online, sin que deban entregar documentaci\u00f3n de manera presencial en las oficinas de Serviu.<\/p>\n\n\n\n<p>Esto ante el inicio del \u00faltimo proceso de postulaci\u00f3n del a\u00f1o 2020, correspondiente al segundo llamado a postulaci\u00f3n al subsidio DS1 Clase Media, para compra de vivienda nueva o usada o construcci\u00f3n de vivienda en sitio propio, que comienza el martes 17 de noviembre y finaliza el 4 de diciembre, para el cual las personas interesadas deb\u00edan tener el ahorro en su cuenta de ahorro para la vivienda, el 30 de octubre.<\/p>\n\n\n\n<p>Para realizar esta postulaci\u00f3n, existen tres etapas. La primera comienza este martes 17 y es para las personas que postularon al primer llamado realizado en mayo y no fueron seleccionados, estos podr\u00e1n aprobar la propuesta de postulaci\u00f3n autom\u00e1tica, ingresando a&nbsp;<a href=\"http:\/\/www.minvuconecta.cl\/\" target=\"_blank\" rel=\"noreferrer noopener\">www.minvuconecta.cl<\/a>.<\/p>\n\n\n\n<p>Desde el jueves 19, podr\u00e1n ingresar a&nbsp;<a href=\"http:\/\/www.minvu.cl\/\" target=\"_blank\" rel=\"noreferrer noopener\">www.minvu.cl<\/a>, las personas que postulan por primera vez a compra de vivienda o no est\u00e9n de acuerdo con su postulaci\u00f3n autom\u00e1tica.<\/p>\n\n\n\n<p>Finalmente, a partir del 23 de noviembre, quienes est\u00e1n interesados en postular por primera vez a construcci\u00f3n de vivienda en sitio propio o necesiten acreditar una situaci\u00f3n excepcional, podr\u00e1n completar el formulario de solicitud de postulaci\u00f3n en&nbsp;<a href=\"http:\/\/www.minvu.cl\/\" target=\"_blank\" rel=\"noreferrer noopener\">www.minvu.cl<\/a>.<\/p>\n\n\n\n<p>Los resultados de la postulaci\u00f3n al Subsidio DS1 Clase Media deber\u00edan estar disponibles en marzo de 2021, luego de lo cual, los beneficiados deben buscar la vivienda para aplicar su subsidio.<\/p>\n\n\n\n<p>Cabe recordar que los requisitos m\u00ednimos para postular a cualquiera de los programas habitacionales del Ministerio de Vivienda y Urbanismo, son contar con Registro Social de Hogares y cuenta de ahorro para la vivienda. Los porcentajes de vulnerabilidad, montos de ahorro y dem\u00e1s requisitos, depender\u00e1n del subsidio al que la persona desee postular.<\/p>\n","protected":false},"excerpt":{"rendered":"<p>El Servicio de Vivienda y Urbanizaci\u00f3n, en el contexto de los procesos a postulaci\u00f3n de subsidios que el Ministerio de Vivienda y Urbanismo realiza cada a\u00f1o, para sus distintos programas&#8230; <a class=\"read-more\" href=\"https:\/\/www.radiopresidenteibanez.cl\/web\/serviu-recuerda-que-todas-las-postulaciones-a-subsidio-se-estan-realizando-por-internet\/\">Leer m\u00e1s<\/a><\/p>\n","protected":false},"author":2,"featured_media":16062,"comment_status":"closed","ping_status":"closed","sticky":false,"template":"","format":"standard","meta":{"footnotes":""},"categories":[1],"tags":[],"class_list":["post-16061","post","type-post","status-publish","format-standard","has-post-thumbnail","hentry","category-cronica"],"_links":{"self":[{"href":"https:\/\/www.radiopresidenteibanez.cl\/web\/wp-json\/wp\/v2\/posts\/16061","targetHints":{"allow":["GET"]}}],"collection":[{"href":"https:\/\/www.radiopresidenteibanez.cl\/web\/wp-json\/wp\/v2\/posts"}],"about":[{"href":"https:\/\/www.radiopresidenteibanez.cl\/web\/wp-json\/wp\/v2\/types\/post"}],"author":[{"embeddable":true,"href":"https:\/\/www.radiopresidenteibanez.cl\/web\/wp-json\/wp\/v2\/users\/2"}],"replies":[{"embeddable":true,"href":"https:\/\/www.radiopresidenteibanez.cl\/web\/wp-json\/wp\/v2\/comments?post=16061"}],"version-history":[{"count":0,"href":"https:\/\/www.radiopresidenteibanez.cl\/web\/wp-json\/wp\/v2\/posts\/16061\/revisions"}],"wp:featuredmedia":[{"embeddable":true,"href":"https:\/\/www.radiopresidenteibanez.cl\/web\/wp-json\/wp\/v2\/media\/16062"}],"wp:attachment":[{"href":"https:\/\/www.radiopresidenteibanez.cl\/web\/wp-json\/wp\/v2\/media?parent=16061"}],"wp:term":[{"taxonomy":"category","embeddable":true,"href":"https:\/\/www.radiopresidenteibanez.cl\/web\/wp-json\/wp\/v2\/categories?post=16061"},{"taxonomy":"post_tag","embeddable":true,"href":"https:\/\/www.radiopresidenteibanez.cl\/web\/wp-json\/wp\/v2\/tags?post=16061"}],"curies":[{"name":"wp","href":"https:\/\/api.w.org\/{rel}","templated":true}]}}