{"id":16059,"date":"2020-11-16T13:54:41","date_gmt":"2020-11-16T13:54:41","guid":{"rendered":"https:\/\/www.radiopresidenteibanez.cl\/web\/?p=16059"},"modified":"2020-11-16T13:54:45","modified_gmt":"2020-11-16T13:54:45","slug":"un-ano-diferente-por-ernesto-sepulveda-tornero","status":"publish","type":"post","link":"https:\/\/www.radiopresidenteibanez.cl\/web\/un-ano-diferente-por-ernesto-sepulveda-tornero\/","title":{"rendered":"UN A\u00d1O DIFERENTE por Ernesto Sep\u00falveda Tornero"},"content":{"rendered":"\n<p>El 2020 ha\nsido el a\u00f1o, en que han partido de decenas de miles de personas en Chile, y\nmillones en todo el mundo, por la pandemia Covid. El a\u00f1o en que tuvimos que\nencerrarnos en nuestras casas, en nuestro espacio dom\u00e9stico, para hacer\naquellas cosas que por naturaleza hacemos fuera de ellas. El trabajo y el\nestudio, a trav\u00e9s de las plataformas electr\u00f3nicas, internet, PC, Tablet,\nnotebook, y smartphone, ha sido lo cotidiano. Ha sido el a\u00f1o de la reducci\u00f3n al\nm\u00ednimo del contacto f\u00edsico entre las personas. Tambi\u00e9n ha sido el a\u00f1o, en que\ntodos los pa\u00edses, mas all\u00e1 de la l\u00ednea pol\u00edtica que los gobierna, se han\nvolcado a la revalorizaci\u00f3n de lo p\u00fablico. Incluso en los mas neoliberales,\nparece no ser tan buena idea, el haber reducido los sistemas p\u00fablicos de salud,\ny los sistemas de seguridad social. <\/p>\n\n\n\n<p>&nbsp;&nbsp;&nbsp;&nbsp;&nbsp;&nbsp;&nbsp;&nbsp;&nbsp;&nbsp;&nbsp;&nbsp;&nbsp;&nbsp;&nbsp;&nbsp;&nbsp;&nbsp;&nbsp;&nbsp;&nbsp;&nbsp;&nbsp; Este a\u00f1o ha sido tambi\u00e9n\nun tiempo de eclosi\u00f3n, es decir, tiempo en que rompen su cascar\u00f3n y salen del\nhuevo, movimientos sociales, pol\u00edticos, en todo el mundo. Y lo hacen mas all\u00e1\nde las categor\u00edas tradicionales, del eje izquierda-derecha. Lo m\u00e1s cercano y\nm\u00e1s claro, es la movilizaci\u00f3n sin precedentes en Estados Unidos, para derrotar\nen las urnas, al palad\u00edn de la regresi\u00f3n conservadora a ultranza. <\/p>\n\n\n\n<p>&nbsp;&nbsp;&nbsp;&nbsp;&nbsp;&nbsp;&nbsp;&nbsp;&nbsp;&nbsp;&nbsp;&nbsp;&nbsp;&nbsp;&nbsp;&nbsp;&nbsp;&nbsp;&nbsp;&nbsp;&nbsp;&nbsp;&nbsp; En Chile, hay que\nregresar un poco m\u00e1s atr\u00e1s. En el gobierno de la presidenta Michelle Bachelet,\nse impuls\u00f3 una agenda de transformaciones sociales y pol\u00edticas, que parte de la\n\u00e9lite desech\u00f3 de plano. Sectores conservadores que integraban su propio\ngobierno fueron obst\u00e1culo para concretarla. Pero tambi\u00e9n los sectores m\u00e1s\nradicalizados de una izquierda de nuevos rostros. Se acuerdan del \u201cda lo mismo\nquien gobierne\u201d, \u201cPi\u00f1era y Guillier, la misma cuesti\u00f3n\u201d. El tiempo le dio la\nraz\u00f3n a la presidenta Bachelet. Un proceso constituyente desplegado en todo el\npa\u00eds, con m\u00e1s de 200 mil personas participando de Encuentros locales\nautoconvocados. Las propuestas elaboradas en todo Chile, terminaron en un\nproyecto de ley de nueva constituci\u00f3n, que inclu\u00eda la realizaci\u00f3n de plebiscito\ny asamblea constituyente. Suena conocido.&nbsp;\n<\/p>\n\n\n\n<p>&nbsp;&nbsp;&nbsp;&nbsp;&nbsp;&nbsp;&nbsp;&nbsp;&nbsp;&nbsp;&nbsp;&nbsp;&nbsp;&nbsp;&nbsp;&nbsp;&nbsp;&nbsp;&nbsp;&nbsp;&nbsp;&nbsp;&nbsp; Otro gallo cantar\u00eda si\nse hubiese dado continuidad a ese proceso. Pero se opt\u00f3, por lo contrario. Y\nterminamos ahora tratando de hacer algo similar, pero presionados por el\ntiempo, presionados por la indignaci\u00f3n de gente que se siente estafada, por los\nabusos, por la desigualdad. <\/p>\n\n\n\n<p>&nbsp;&nbsp;&nbsp;&nbsp;&nbsp;&nbsp;&nbsp;&nbsp;&nbsp;&nbsp;&nbsp;&nbsp;&nbsp;&nbsp;&nbsp;&nbsp;&nbsp;&nbsp;&nbsp;&nbsp;&nbsp;&nbsp;&nbsp; No es f\u00e1cil que las\npersonas recuperen la confianza en sus instituciones, que recuperen la\nconfianza en la democracia. Cuando la plataforma de los candidatos se basa en\nel ataque personal, en las diatribas insultantes. Cuando se basan en campa\u00f1as\nde desinformaci\u00f3n, en noticias falsas, repetidas en muletillas, y difundidas\npor los medios afines. Lo que sucede es lo que vemos en Estados Unidos. Que\nvimos tambi\u00e9n en Chile el 2017, con la \u201cpuerta giratoria de la delincuencia\u201d,\n\u201cla t\u00f3mbola de la educaci\u00f3n\u201d, \u201cchilezuela\u201d, y tantas otras que s\u00f3lo engendraron\nrabia y dolor.<\/p>\n\n\n\n<p>&nbsp;&nbsp;&nbsp;&nbsp;&nbsp;&nbsp;&nbsp;&nbsp;&nbsp;&nbsp;&nbsp;&nbsp;&nbsp;&nbsp;&nbsp;&nbsp;&nbsp;&nbsp;&nbsp;&nbsp;&nbsp;&nbsp;&nbsp;&nbsp;&nbsp;&nbsp;&nbsp;&nbsp;&nbsp;&nbsp;&nbsp;&nbsp;&nbsp;&nbsp;&nbsp; Cuando se ha\nhecho tanto por degradar la actividad pol\u00edtica, no debemos extra\u00f1arnos, que\nquienes nos gobiernen no tengan los m\u00e9ritos, ni las virtudes que nosotros\nquisi\u00e9ramos. Y 2020, nos pone ante un espejo, debemos buscar y elegir buenos\nciudadanos constituyentes. Debemos elegir por primera vez a quien liderar\u00e1 cada\nregi\u00f3n del pa\u00eds. Estamos obligados, a salir del marasmo, romper la inercia. Lo\nhicieron, enfrentando mas dificultades, los votantes estadounidenses, y han\nderrotado a un p\u00e9simo presidente. Ellos tambi\u00e9n deber\u00e1n trabajar duro para\nreconstruir la confianza en las instituciones. Pero, ese ejemplo, tambi\u00e9n nos\nmuestra, que los medios de comunicaci\u00f3n, deben tener independencia del poder\npol\u00edtico. Negarse a difundir mentiras, es un deber \u00e9tico, cuando se trata de\npreservar el sistema democr\u00e1tico, y nuestro r\u00e9gimen de libertades. Necesitamos\nde eso ac\u00e1 en Chile, con urgencia. Para que nunca m\u00e1s un gobernante, esconda su\ndebilidad o incompetencia, en mentiras del tama\u00f1o de \u201cestamos en guerra contra\nun enemigo poderoso\u201d. Es cierto, los votantes no somos dechados de virtudes, y\nla necedad campea por todos lados. Pero aun nos queda de este a\u00f1o 2020, para\nenmendarnos en algo. Tenemos decisiones que tomar, y debemos ser muy\nresponsables. La triste y dolorosa experiencia de nuestros hermanos peruanos,\nnos ense\u00f1a que, en manos del populismo, se puede destruir un pa\u00eds en poco\ntiempo. All\u00ed ya llevan 3 presidentes en 4 a\u00f1os, y ya est\u00e1n preparando un\ncuarto. El \u00faltimo dur\u00f3 menos de una semana.<\/p>\n\n\n\n<p>&nbsp;&nbsp;&nbsp;&nbsp;&nbsp;&nbsp;&nbsp;&nbsp;&nbsp;&nbsp;&nbsp;&nbsp;&nbsp;&nbsp;&nbsp;&nbsp;&nbsp;&nbsp;&nbsp;&nbsp;&nbsp;&nbsp;&nbsp;&nbsp;&nbsp;&nbsp;&nbsp;&nbsp;&nbsp;&nbsp;&nbsp;&nbsp;&nbsp;&nbsp;&nbsp; Este a\u00f1o de\ndecisiones, nos tiene con esperanza. Ya anuncian las primeras pruebas masivas\nde vacunas contra el Covid. Un sue\u00f1o de recuperar nuestra vida normal, se ve\nmenos lejano. La alegr\u00eda y alivio que sentimos miles de millones en todo el\nmundo, cuando vimos a un calmado Joe Biden, derrotar a Trump.&nbsp; Nos ense\u00f1a tambi\u00e9n que un pol\u00edtico de\ncarrera, una persona que entreg\u00f3 su vida al servicio p\u00fablico, tiene m\u00e9ritos de\nsobra para ser presidente de la naci\u00f3n mas poderosa del planeta. Una lecci\u00f3n\nque debemos aprender ac\u00e1 en Chile.&nbsp;\nAprender a valorar m\u00e1s la experiencia y la sabidur\u00eda, y menos la\nestridencia, y la novedad, del que confunde irreverencia con insolencia. O el\nque confunde progresismo con populismo.<\/p>\n\n\n\n<p>&nbsp;&nbsp;&nbsp;&nbsp;&nbsp;&nbsp;&nbsp;&nbsp;&nbsp;&nbsp;&nbsp;&nbsp;&nbsp;&nbsp;&nbsp;&nbsp;&nbsp;&nbsp;&nbsp;&nbsp;&nbsp;&nbsp;&nbsp;&nbsp;&nbsp;&nbsp;&nbsp;&nbsp;&nbsp;&nbsp;&nbsp;&nbsp;&nbsp;&nbsp;&nbsp; Con\noptimismo, y con esperanza de que podremos elegir a los mejores de nosotros,\npara dirigir las regiones del pa\u00eds. Esperando poder pronto volver a abrazarnos.<\/p>\n\n\n\n<p>Ernesto\nSep\u00falveda Tornero<\/p>\n","protected":false},"excerpt":{"rendered":"<p>El 2020 ha sido el a\u00f1o, en que han partido de decenas de miles de personas en Chile, y millones en todo el mundo, por la pandemia Covid. El a\u00f1o&#8230; <a class=\"read-more\" href=\"https:\/\/www.radiopresidenteibanez.cl\/web\/un-ano-diferente-por-ernesto-sepulveda-tornero\/\">Leer m\u00e1s<\/a><\/p>\n","protected":false},"author":2,"featured_media":2310,"comment_status":"closed","ping_status":"closed","sticky":false,"template":"","format":"standard","meta":{"footnotes":""},"categories":[1],"tags":[],"class_list":["post-16059","post","type-post","status-publish","format-standard","has-post-thumbnail","hentry","category-cronica"],"_links":{"self":[{"href":"https:\/\/www.radiopresidenteibanez.cl\/web\/wp-json\/wp\/v2\/posts\/16059","targetHints":{"allow":["GET"]}}],"collection":[{"href":"https:\/\/www.radiopresidenteibanez.cl\/web\/wp-json\/wp\/v2\/posts"}],"about":[{"href":"https:\/\/www.radiopresidenteibanez.cl\/web\/wp-json\/wp\/v2\/types\/post"}],"author":[{"embeddable":true,"href":"https:\/\/www.radiopresidenteibanez.cl\/web\/wp-json\/wp\/v2\/users\/2"}],"replies":[{"embeddable":true,"href":"https:\/\/www.radiopresidenteibanez.cl\/web\/wp-json\/wp\/v2\/comments?post=16059"}],"version-history":[{"count":0,"href":"https:\/\/www.radiopresidenteibanez.cl\/web\/wp-json\/wp\/v2\/posts\/16059\/revisions"}],"wp:featuredmedia":[{"embeddable":true,"href":"https:\/\/www.radiopresidenteibanez.cl\/web\/wp-json\/wp\/v2\/media\/2310"}],"wp:attachment":[{"href":"https:\/\/www.radiopresidenteibanez.cl\/web\/wp-json\/wp\/v2\/media?parent=16059"}],"wp:term":[{"taxonomy":"category","embeddable":true,"href":"https:\/\/www.radiopresidenteibanez.cl\/web\/wp-json\/wp\/v2\/categories?post=16059"},{"taxonomy":"post_tag","embeddable":true,"href":"https:\/\/www.radiopresidenteibanez.cl\/web\/wp-json\/wp\/v2\/tags?post=16059"}],"curies":[{"name":"wp","href":"https:\/\/api.w.org\/{rel}","templated":true}]}}