{"id":16056,"date":"2020-11-16T13:50:56","date_gmt":"2020-11-16T13:50:56","guid":{"rendered":"https:\/\/www.radiopresidenteibanez.cl\/web\/?p=16056"},"modified":"2020-11-16T13:51:00","modified_gmt":"2020-11-16T13:51:00","slug":"mas-de-2000-personas-se-hicieron-parte-de-feci-en-magallanes","status":"publish","type":"post","link":"https:\/\/www.radiopresidenteibanez.cl\/web\/mas-de-2000-personas-se-hicieron-parte-de-feci-en-magallanes\/","title":{"rendered":"M\u00c1S DE 2000 PERSONAS SE HICIERON PARTE DE FECI EN MAGALLANES"},"content":{"rendered":"\n<p>Talleres,\ncuentacuento, conversatorio, entre otros, fueron parte de la semana de\nactividades online enmarcadas en el Festival de la Ciencia (FECI), actividad\norganizada por la Divisi\u00f3n de Ciencia y Sociedad del Ministerio de Ciencia,\nTecnolog\u00eda, Conocimiento e Innovaci\u00f3n, y ejecutado por los Proyectos\nAsociativos Regionales (PAR) Explora a lo largo de todo el pa\u00eds. <\/p>\n\n\n\n<p>En el caso de\nMagallanes, todas las iniciativas fueron gratuitas y abiertas a la comunidad,\nalgunas con previa inscripci\u00f3n y otras transmitidas a trav\u00e9s de las redes\nsociales del PAR Explora Magallanes. En total fueron m\u00e1s de 2000 personas las\nque se hicieron parte de las actividades del FECI con las que se busc\u00f3 -en su\nprimera edici\u00f3n a nivel nacional- \u201ccelebrar la curiosidad\u201d. <\/p>\n\n\n\n<p>\u201cEsta semana\ndel Festival de la Ciencia 2020 hemos realizado diferentes iniciativas para\ntoda la comunidad para que conocieran no solo de ciencia y tecnolog\u00eda, sino\ntambi\u00e9n de la cultura que est\u00e1 presente en nuestro territorio. Agradecemos como\nequipo la colaboraci\u00f3n de todas y todos los que participaron con nosotros en\neste desaf\u00edo\u201d, explic\u00f3 Claudia Salinas, directora del PAR Explora Magallanes. <\/p>\n\n\n\n<p>As\u00ed fue como\nestuvieron presentes Fundaci\u00f3n Mar y Ciencia, Aguas Magallanes, Instituto\nAnt\u00e1rtico Chileno, Inia Kampenaike, GEF Castor, WCS Chile, CONAF Magallanes,\nGasco Magallanes, Centro de Investigaci\u00f3n GAIA Ant\u00e1rtica, Museo del Recuerdo,\nInstituto de la Patagonia, IFOP, Proyecto anillo de producci\u00f3n de conocimiento\ncient\u00edfico en Chile contempor\u00e1neo (ANID-PIA soc180039), Ciclo Cine Chileno, Cuentera\nAustral, Arte y Fuego, Fundaci\u00f3n Glaciares, Servicio Patrimonio Cultural de\nMagallanes, y Ventana Cultural UMAG. <\/p>\n\n\n\n<p><strong>Taller\ninclusivo<\/strong><\/p>\n\n\n\n<p>Uno de los\ntalleres que cont\u00f3 con m\u00e1s participantes \u201clengua de se\u00f1as y cultura sorda\u201d, a\ncargo de la educadora en lengua de se\u00f1as Paulina \u00c1lvarez y su hermana la\npsicopedagoga Valeria \u00c1lvarez. <\/p>\n\n\n\n<p>&nbsp;\u201cMe gust\u00f3 mucho el inter\u00e9s de la gente porque\nsi entran a este tipo de talleres pueden aprender y conocer, y abrir tambi\u00e9n\nnuevas oportunidades a la lengua de se\u00f1as. En el futuro pueden ser int\u00e9rpretes,\nya ha pasado. Esto es super importante, comunicarnos\u201d, explic\u00f3 Paulina, quien\nes sorda desde los 11 meses de edad. <\/p>\n\n\n\n<p>La profesional\n-quien adem\u00e1s es int\u00e9rprete de lengua de se\u00f1as chilenas e internacional- agreg\u00f3\nque \u201cser\u00eda interesante tambi\u00e9n que esto se d\u00e9 en la universidad, la gente que\nes nueva ser\u00eda super interesante que puedan hacer esto tambi\u00e9n\u201d. <\/p>\n\n\n\n<p>Por su parte,\nValeria \u00c1lvarez coment\u00f3 que \u201cqued\u00e9 muy contenta y vi a Paulina muy c\u00f3moda.\nEntramos antes y hablamos antes con el equipo lo que lo hizo muy cercano. Hubo\ncerca de 30 personas y todas muy interesadas en el tema. Nos anim\u00f3 un mont\u00f3n ya\nque hubo mucha gente que nos preguntaba c\u00f3mo ayudar o de qu\u00e9 manera hacerlo \u2018yo\nquiero, pero no s\u00e9 c\u00f3mo\u2019 dec\u00edan mucho y eso de verdad es una instancia que\nExplora nos ha regalado y eso es super importante, ya que estos espacios no se\ndan mucho\u201d. &nbsp;<\/p>\n\n\n\n<p>Salinas en\ntanto asegur\u00f3 que fue un desaf\u00edo que se decidi\u00f3 tomar como equipo para esta\nedici\u00f3n del FECI y no descarta hacer m\u00e1s actividades sobre esta tem\u00e1tica. <\/p>\n\n\n\n<p>\u201cCon este\ntaller finalizamos la actividad \u201cExplorando en Casa\u201d cumpliendo de esta forma\ncon los principios de inclusi\u00f3n del programa Explora a nivel nacional, y\ntambi\u00e9n queremos ser un aporte a la educaci\u00f3n en la comunidad en general\ndifundiendo el quehacer de la comunidad sorda\u201d, puntualiz\u00f3 Salinas.&nbsp; <\/p>\n\n\n\n<p>Todas las\nactividades del Festival de la Ciencia correspondientes a nuestra regi\u00f3n\nestar\u00e1n disponibles desde esta semana en las redes sociales del PAR Explora\nMagallanes, para quienes no alcanzaron a participar o quienes estuvieron\npresentes y quieran revivirlo nuevamente. <\/p>\n","protected":false},"excerpt":{"rendered":"<p>Talleres, cuentacuento, conversatorio, entre otros, fueron parte de la semana de actividades online enmarcadas en el Festival de la Ciencia (FECI), actividad organizada por la Divisi\u00f3n de Ciencia y Sociedad&#8230; <a class=\"read-more\" href=\"https:\/\/www.radiopresidenteibanez.cl\/web\/mas-de-2000-personas-se-hicieron-parte-de-feci-en-magallanes\/\">Leer m\u00e1s<\/a><\/p>\n","protected":false},"author":2,"featured_media":16057,"comment_status":"closed","ping_status":"closed","sticky":false,"template":"","format":"standard","meta":{"footnotes":""},"categories":[1],"tags":[],"class_list":["post-16056","post","type-post","status-publish","format-standard","has-post-thumbnail","hentry","category-cronica"],"_links":{"self":[{"href":"https:\/\/www.radiopresidenteibanez.cl\/web\/wp-json\/wp\/v2\/posts\/16056","targetHints":{"allow":["GET"]}}],"collection":[{"href":"https:\/\/www.radiopresidenteibanez.cl\/web\/wp-json\/wp\/v2\/posts"}],"about":[{"href":"https:\/\/www.radiopresidenteibanez.cl\/web\/wp-json\/wp\/v2\/types\/post"}],"author":[{"embeddable":true,"href":"https:\/\/www.radiopresidenteibanez.cl\/web\/wp-json\/wp\/v2\/users\/2"}],"replies":[{"embeddable":true,"href":"https:\/\/www.radiopresidenteibanez.cl\/web\/wp-json\/wp\/v2\/comments?post=16056"}],"version-history":[{"count":0,"href":"https:\/\/www.radiopresidenteibanez.cl\/web\/wp-json\/wp\/v2\/posts\/16056\/revisions"}],"wp:featuredmedia":[{"embeddable":true,"href":"https:\/\/www.radiopresidenteibanez.cl\/web\/wp-json\/wp\/v2\/media\/16057"}],"wp:attachment":[{"href":"https:\/\/www.radiopresidenteibanez.cl\/web\/wp-json\/wp\/v2\/media?parent=16056"}],"wp:term":[{"taxonomy":"category","embeddable":true,"href":"https:\/\/www.radiopresidenteibanez.cl\/web\/wp-json\/wp\/v2\/categories?post=16056"},{"taxonomy":"post_tag","embeddable":true,"href":"https:\/\/www.radiopresidenteibanez.cl\/web\/wp-json\/wp\/v2\/tags?post=16056"}],"curies":[{"name":"wp","href":"https:\/\/api.w.org\/{rel}","templated":true}]}}