{"id":16054,"date":"2020-11-16T13:42:20","date_gmt":"2020-11-16T13:42:20","guid":{"rendered":"https:\/\/www.radiopresidenteibanez.cl\/web\/?p=16054"},"modified":"2020-11-16T13:42:24","modified_gmt":"2020-11-16T13:42:24","slug":"cormunat-se-refiere-a-la-detencion-del-director-del-medio-viento-sur","status":"publish","type":"post","link":"https:\/\/www.radiopresidenteibanez.cl\/web\/cormunat-se-refiere-a-la-detencion-del-director-del-medio-viento-sur\/","title":{"rendered":"CORMUNAT SE REFIERE A LA DETENCI\u00d3N DEL DIRECTOR DEL MEDIO VIENTO SUR"},"content":{"rendered":"\n<p>Ante el\nconocimiento de los hechos ocurridos en las \u00faltimas horas, en donde se ha visto\nenvuelto el actual Director de la Radio Viento Sur, la Corporaci\u00f3n de Educaci\u00f3n\nde Puerto Natales, ha adoptado las siguientes decisiones:<\/p>\n\n\n\n<ol class=\"wp-block-list\"><li>Suspender de sus funciones de Director de la\nRadio Viento Sur, al trabajador involucrado, mientras se esclarezcan los hechos\nque han sido denunciados ante la Justicia.<\/li><li>Analizar la situaci\u00f3n contractual del Director\nde la Radio Viento Sur, que lo liga con la Corporaci\u00f3n de Educaci\u00f3n de Puerto\nNatales, a fin de determinar los pasos a seguir a este respecto.<\/li><\/ol>\n\n\n\n<p>Sin perjuicio\nde lo anterior expresamos nuestro lamento ante lo ocurrido, por lo cual &nbsp;esta Corporaci\u00f3n Municipal manifiesta el total\nrepudio de la grave situaci\u00f3n que involucra al se\u00f1alado trabajador, quedando a\nla espera que los Tribunales de Justicia determinen de acuerdo a un proceso\ndebido lo acaecido. <\/p>\n\n\n\n<p>En tanto, la\nMunicipalidad de Natales a trav\u00e9s del Centro de la Mujer hace manifiesto que\nentregar\u00e1 todo el respaldo, asesoramiento y apoyo a la v\u00edctima involucrada en\neste lamentable hecho. De igual forma, el municipio ha manifestado\ncateg\u00f3ricamente el total repudio de los hechos acontecidos en las \u00faltimas\nhoras, junto con lamentar y entregar el irrestricto apoyo a las familias.<\/p>\n","protected":false},"excerpt":{"rendered":"<p>Ante el conocimiento de los hechos ocurridos en las \u00faltimas horas, en donde se ha visto envuelto el actual Director de la Radio Viento Sur, la Corporaci\u00f3n de Educaci\u00f3n de&#8230; <a class=\"read-more\" href=\"https:\/\/www.radiopresidenteibanez.cl\/web\/cormunat-se-refiere-a-la-detencion-del-director-del-medio-viento-sur\/\">Leer m\u00e1s<\/a><\/p>\n","protected":false},"author":2,"featured_media":7254,"comment_status":"closed","ping_status":"closed","sticky":false,"template":"","format":"standard","meta":{"footnotes":""},"categories":[1],"tags":[],"class_list":["post-16054","post","type-post","status-publish","format-standard","has-post-thumbnail","hentry","category-cronica"],"_links":{"self":[{"href":"https:\/\/www.radiopresidenteibanez.cl\/web\/wp-json\/wp\/v2\/posts\/16054","targetHints":{"allow":["GET"]}}],"collection":[{"href":"https:\/\/www.radiopresidenteibanez.cl\/web\/wp-json\/wp\/v2\/posts"}],"about":[{"href":"https:\/\/www.radiopresidenteibanez.cl\/web\/wp-json\/wp\/v2\/types\/post"}],"author":[{"embeddable":true,"href":"https:\/\/www.radiopresidenteibanez.cl\/web\/wp-json\/wp\/v2\/users\/2"}],"replies":[{"embeddable":true,"href":"https:\/\/www.radiopresidenteibanez.cl\/web\/wp-json\/wp\/v2\/comments?post=16054"}],"version-history":[{"count":0,"href":"https:\/\/www.radiopresidenteibanez.cl\/web\/wp-json\/wp\/v2\/posts\/16054\/revisions"}],"wp:featuredmedia":[{"embeddable":true,"href":"https:\/\/www.radiopresidenteibanez.cl\/web\/wp-json\/wp\/v2\/media\/7254"}],"wp:attachment":[{"href":"https:\/\/www.radiopresidenteibanez.cl\/web\/wp-json\/wp\/v2\/media?parent=16054"}],"wp:term":[{"taxonomy":"category","embeddable":true,"href":"https:\/\/www.radiopresidenteibanez.cl\/web\/wp-json\/wp\/v2\/categories?post=16054"},{"taxonomy":"post_tag","embeddable":true,"href":"https:\/\/www.radiopresidenteibanez.cl\/web\/wp-json\/wp\/v2\/tags?post=16054"}],"curies":[{"name":"wp","href":"https:\/\/api.w.org\/{rel}","templated":true}]}}