{"id":16051,"date":"2020-11-17T03:00:00","date_gmt":"2020-11-17T03:00:00","guid":{"rendered":"https:\/\/www.radiopresidenteibanez.cl\/web\/?p=16051"},"modified":"2020-11-16T13:39:41","modified_gmt":"2020-11-16T13:39:41","slug":"mindep-implementara-programa-de-promocion-de-actividad-fisica-y-deporte-en-escuelas-de-magallanes","status":"publish","type":"post","link":"https:\/\/www.radiopresidenteibanez.cl\/web\/mindep-implementara-programa-de-promocion-de-actividad-fisica-y-deporte-en-escuelas-de-magallanes\/","title":{"rendered":"MINDEP IMPLEMENTAR\u00c1 PROGRAMA DE PROMOCI\u00d3N DE ACTIVIDAD F\u00cdSICA Y DEPORTE EN ESCUELAS DE MAGALLANES"},"content":{"rendered":"\n<p>El Ministerio del Deporte sigue sumando iniciativas virtuales para la\npr\u00e1ctica de actividad f\u00edsica e implementar\u00e1 el Programa de Promoci\u00f3n de\nActividad F\u00edsica y Deporte en tres escuelas de la regi\u00f3n de Magallanes. <\/p>\n\n\n\n<p>Con la idea de difundir los beneficios de la pr\u00e1ctica de actividad f\u00edsica y\nvida saludable, Mindep Magallanes trabajar\u00e1 de manera virtual en conjunto con\nla Escuela Manuel Bulnes de Punta Arenas, Escuela Ram\u00f3n Serrano Montaner de Cerro\nCastillo y la Escuela Ignacio Carrera Pinto de Villa Cameron. <\/p>\n\n\n\n<p>Dentro de las actividades planificadas en el Programa de Promoci\u00f3n de\nActividad F\u00edsica se encuentra, por ejemplo, la difusi\u00f3n de infograf\u00edas\nnutricionales preparadas por el programa Crecer en Movimiento del Instituto\nNacional de Deportes, charlas siconutricionales para alumnos y apoderados, y\nentrega de c\u00e1psulas de actividad f\u00edsica. <\/p>\n\n\n\n<p>\u201cLa iniciativa para reconocer a diversos establecimientos que promuevan la\nactividad F\u00edsica y Deporte lo encuentro fant\u00e1stico, ya que le da importancia a\nla asignatura que es una de las m\u00e1s importante de esta pandemia para poder\nestar f\u00edsica y mentalmente sanos. Estamos muy contentos que vean el trabajo que\nse desarrolla en nuestro establecimiento y que nos contactaran para trabajar en\nconjunto y seguir realizando actividades. Muchas gracias por la oportunidad de\nser una escuela promotora de la actividad f\u00edsica, lo cual realza y va de la\nmano con nuestro proyecto educativo\u201d, se\u00f1al\u00f3 Cynthia Ram\u00edrez, profesora de\nEducaci\u00f3n F\u00edsica de la Escuela Manuel Bulnes. <\/p>\n\n\n\n<p>Por otra parte, el 4 de diciembre, se realizar\u00e1 un encuentro familiar para\nlas escuelas con las que se est\u00e1 trabajando, donde, en conjunto con el\nInstituto Nacional de Deportes, se realizar\u00e1n clases dirigidas especialmente a\nlos alumnos y tambi\u00e9n para toda la comunidad educativa. &nbsp;<\/p>\n\n\n\n<p>\u201cCreemos que el Programa de Promoci\u00f3n de Actividad F\u00edsica y Deporte es un\nbuen insumo para acercarnos a las escuelas de la regi\u00f3n y as\u00ed entregarles\nmaterial para que en conjunto podamos trabajar difundiendo los beneficios de la\npr\u00e1ctica de actividad f\u00edsica y la vida saludable\u201d, se\u00f1al\u00f3 la Seremi del\nDeporte, Odette Callahan, sobre esta iniciativa, la que le permitir\u00e1 a las\nescuelas recibir el reconocimiento como establecimiento promotor de la\nactividad f\u00edsica. <\/p>\n\n\n\n<p>En tanto, el Ministerio del Deporte tambi\u00e9n trabajar\u00e1 este programa con\norganizaciones sociales de la regi\u00f3n de Magallanes, destacando el trabajo con\nclubes de adultos mayores, a los que se le realizar\u00e1n clases virtuales de\nactividad f\u00edsica dos veces a la semana y que estar\u00e1n a cargo de los profesores\ndel Centro Elige Vivir Sano de Punta Arenas.<\/p>\n\n\n\n<p>Adem\u00e1s, el Club de Esgrima Austral de Punta Arenas se sumar\u00e1 al Programa de\nPromoci\u00f3n de Actividad F\u00edsica programando encuentros y charlas virtuales y\ncolaborando en la realizaci\u00f3n de clases para el encuentro familiar que se\nrealizar\u00e1 el 4 de diciembre, donde las distintas organizaciones que participen\nrecibir\u00e1n el sello promotor de actividad f\u00edsica y deporte. <\/p>\n\n\n\n<p>\u201cEste 2020 ha sido un a\u00f1o de cambios profundos y que ha generado que\nnuestras miradas sean diferentes. El ser parte del Programa de Promoci\u00f3n del\nMindep ha logrado que esa labor sea m\u00e1s eficiente y el Club de Esgrima Austral\nha buscado siempre apoyar a sus deportistas con diferentes actividades de\ndiferentes \u00edndoles. En tiempos de pandemia, nuestro planteamiento, como el de\nmuchos clubes deportivos, cambi\u00f3 y en nuestro caso quisimos darle una mirada de\nuni\u00f3n a la Familia de la Esgrima Latinoamericana. Con todo este trabajo y\nteniendo en la actualidad un alcance de m\u00e1s de 400.000 personas, creemos que\neste trabajo no debe terminar y que debemos seguir buscando ser un ente deportivo\nreferente en este tipo de acciones que nos marca como iniciadores a nivel\nlatinoamericano en la promoci\u00f3n de la esgrima\u201d, se\u00f1al\u00f3 Marcelo Lorca,\npresidente del Club de Esgrima Austral de Punta Arenas. <\/p>\n","protected":false},"excerpt":{"rendered":"<p>El Ministerio del Deporte sigue sumando iniciativas virtuales para la pr\u00e1ctica de actividad f\u00edsica e implementar\u00e1 el Programa de Promoci\u00f3n de Actividad F\u00edsica y Deporte en tres escuelas de la&#8230; <a class=\"read-more\" href=\"https:\/\/www.radiopresidenteibanez.cl\/web\/mindep-implementara-programa-de-promocion-de-actividad-fisica-y-deporte-en-escuelas-de-magallanes\/\">Leer m\u00e1s<\/a><\/p>\n","protected":false},"author":2,"featured_media":16052,"comment_status":"closed","ping_status":"closed","sticky":false,"template":"","format":"standard","meta":{"footnotes":""},"categories":[1],"tags":[],"class_list":["post-16051","post","type-post","status-publish","format-standard","has-post-thumbnail","hentry","category-cronica"],"_links":{"self":[{"href":"https:\/\/www.radiopresidenteibanez.cl\/web\/wp-json\/wp\/v2\/posts\/16051","targetHints":{"allow":["GET"]}}],"collection":[{"href":"https:\/\/www.radiopresidenteibanez.cl\/web\/wp-json\/wp\/v2\/posts"}],"about":[{"href":"https:\/\/www.radiopresidenteibanez.cl\/web\/wp-json\/wp\/v2\/types\/post"}],"author":[{"embeddable":true,"href":"https:\/\/www.radiopresidenteibanez.cl\/web\/wp-json\/wp\/v2\/users\/2"}],"replies":[{"embeddable":true,"href":"https:\/\/www.radiopresidenteibanez.cl\/web\/wp-json\/wp\/v2\/comments?post=16051"}],"version-history":[{"count":0,"href":"https:\/\/www.radiopresidenteibanez.cl\/web\/wp-json\/wp\/v2\/posts\/16051\/revisions"}],"wp:featuredmedia":[{"embeddable":true,"href":"https:\/\/www.radiopresidenteibanez.cl\/web\/wp-json\/wp\/v2\/media\/16052"}],"wp:attachment":[{"href":"https:\/\/www.radiopresidenteibanez.cl\/web\/wp-json\/wp\/v2\/media?parent=16051"}],"wp:term":[{"taxonomy":"category","embeddable":true,"href":"https:\/\/www.radiopresidenteibanez.cl\/web\/wp-json\/wp\/v2\/categories?post=16051"},{"taxonomy":"post_tag","embeddable":true,"href":"https:\/\/www.radiopresidenteibanez.cl\/web\/wp-json\/wp\/v2\/tags?post=16051"}],"curies":[{"name":"wp","href":"https:\/\/api.w.org\/{rel}","templated":true}]}}