{"id":16049,"date":"2020-11-16T13:33:39","date_gmt":"2020-11-16T13:33:39","guid":{"rendered":"https:\/\/www.radiopresidenteibanez.cl\/web\/?p=16049"},"modified":"2020-11-16T13:33:44","modified_gmt":"2020-11-16T13:33:44","slug":"declaracion-publica-sindicatos-buzos-armadores-y-pescadores-artesanales","status":"publish","type":"post","link":"https:\/\/www.radiopresidenteibanez.cl\/web\/declaracion-publica-sindicatos-buzos-armadores-y-pescadores-artesanales\/","title":{"rendered":"DECLARACION PUBLICA SINDICATOS BUZOS ARMADORES Y PESCADORES ARTESANALES"},"content":{"rendered":"\n<p>Expresamos nuestra preocupaci\u00f3n\nfrente al abandono que sufre la actividad pesquera en nuestra regi\u00f3n por parte\nde las autoridades, los efectos de la pandemia dejan un resultado negativo en\nel contexto de un desarrollo social y humano que se haga responsable de las\nurgencias, en este periodo de pandemia &nbsp;y\ndurante las cuarentenas hemos estado lejos de las autoridades y por ende quedan\ntruncas nuestras ideas y propuestas que ven\u00edamos trabajando, por esta raz\u00f3n\nqueremos p\u00fablicamente expresar nuestro malestar por la falta de empat\u00eda demostrada\npor parte de las autoridades con los distintos sectores de nuestra sociedad, en\ndonde no se ve verdadero compromiso y apego a las demandas que son prioritarias\nresolver.<\/p>\n\n\n\n<p>Planteamos en su momento dentro de la\nagenda de trabajo la reconversi\u00f3n de la Pesca Artesanal, ello debido a los\ninnumerables tropiezos que se han generado por efectos de leyes y decisiones\nadministrativas que han ido entorpeciendo nuestro trabajo, al mismo tiempo\nsentimos la urgencia de analizar con prudencia y mayor participaci\u00f3n ciudadana la\nconvivencia en nuestro borde costero con la Acuicultura, ya que dentro del\ncrecimiento de ese sector productivo, la Pesca Artesanal y los Trabajadores &nbsp;no podemos estar desplazados, m\u00e1s cuando vemos\nque aumenta la entrega de concesiones y se instala con fuerza la participaci\u00f3n\nde Universidades y despliegue de estudios cient\u00edficos que sustentan el\ndesarrollo y crecimiento de los salmones, pero en&nbsp; ninguna parte de estas iniciativas se est\u00e1 convocando\npara profundizar aspectos relevantes que tienen que ver con el bienestar &nbsp;y el respeto a los derechos de quienes forman\nparte de la cadena productiva.<\/p>\n\n\n\n<p>El aumento de terceros prestadores de\nservicios en la acuicultura de otras zonas del Pa\u00eds, en donde se realizan los\ntrabajos en centros de cultivo, disminuye &nbsp;mayor incidencia en mano de obra regional, adem\u00e1s\nel no estar directamente administradas directamente &nbsp;las empresa por sus due\u00f1os es una se\u00f1al negativa\ny desalienta &nbsp;la entrega de oportunidades\na nuestra gente, de igual forma se ha notado un relajamiento sobre la importancia\nque debe otorgarse al cuidado del Medio Ambiente por parte de las empresas\ninstaladas, ello se demuestra cuando en d\u00edas pasados se produce una Derrame de\nPetr\u00f3leo en Seno Skyring demostr\u00e1ndose conductas irresponsables &nbsp;que deben ser corregidas con fiscalizaci\u00f3n presencial\ny oportuna, sin duda carecemos de una autoridad &nbsp;regional en Medio Ambiente y debe la Sra. Intendenta\nresolver prontamente esta vacante.<\/p>\n\n\n\n<p>p. STI de Buzos Armadores Pescadores Artesanales Sur\nde Magallanes y la Ant\u00e1rtica Chilena.<\/p>\n\n\n\n<p>Nolberto Mu\u00f1oz vera<\/p>\n\n\n\n<p>Presidente<\/p>\n\n\n\n<p>p.&nbsp;&nbsp;&nbsp;&nbsp;&nbsp;&nbsp;&nbsp;&nbsp;&nbsp;\nSindicato N\u00b0 8 de Pescadores Artesanales y Armadores.<\/p>\n\n\n\n<p>Fernando Carmona Saldivia<\/p>\n\n\n\n<p>Presidente<\/p>\n\n\n\n<p>p. Sindicato de Buzos Armadores&nbsp; &nbsp;y\nTripulantes de la Pesca Artesanal.<\/p>\n\n\n\n<p>Francisco Lemus Otey<\/p>\n\n\n\n<p>Presidente<\/p>\n\n\n\n<p>p. Sindicato Interempresas de Tripulantes y\nOficiales de Naves Especiales, Nacionales, Extranjeras y ramos Similares.<\/p>\n\n\n\n<p>&nbsp;&nbsp;&nbsp;&nbsp;&nbsp;&nbsp;&nbsp;&nbsp;&nbsp;&nbsp; &nbsp;&nbsp;&nbsp;&nbsp;&nbsp;&nbsp;&nbsp;&nbsp;&nbsp;Jos\u00e9\nHern\u00e1ndez Villarroel&nbsp;&nbsp;&nbsp;&nbsp;&nbsp;&nbsp;&nbsp;&nbsp;&nbsp;&nbsp;&nbsp;&nbsp;&nbsp;&nbsp;&nbsp;&nbsp;&nbsp;&nbsp;&nbsp;&nbsp;&nbsp;&nbsp;&nbsp;&nbsp;&nbsp;&nbsp;&nbsp;&nbsp;&nbsp;&nbsp;&nbsp;&nbsp;&nbsp;&nbsp;&nbsp;&nbsp;&nbsp;&nbsp;&nbsp;&nbsp;&nbsp;&nbsp;&nbsp;&nbsp;&nbsp;&nbsp;&nbsp;&nbsp;&nbsp;&nbsp;\nJos\u00e9 Perquilaff Valencia<\/p>\n\n\n\n<p>&nbsp;&nbsp;&nbsp;&nbsp;&nbsp;&nbsp;&nbsp;&nbsp;&nbsp;&nbsp;&nbsp;&nbsp;&nbsp;&nbsp;&nbsp;&nbsp; &nbsp;&nbsp;&nbsp;&nbsp;&nbsp;&nbsp;&nbsp;&nbsp;&nbsp;Secretario&nbsp;&nbsp;&nbsp;&nbsp;&nbsp;&nbsp;&nbsp;&nbsp;&nbsp;&nbsp;&nbsp;&nbsp;&nbsp;&nbsp;&nbsp;&nbsp;&nbsp;&nbsp;&nbsp;&nbsp;&nbsp;&nbsp;&nbsp;&nbsp;&nbsp;&nbsp;&nbsp;&nbsp;&nbsp;&nbsp;&nbsp;&nbsp;&nbsp;&nbsp;&nbsp;&nbsp;&nbsp;&nbsp;&nbsp;&nbsp;&nbsp;&nbsp;&nbsp;&nbsp;&nbsp;&nbsp;&nbsp;&nbsp;&nbsp;&nbsp;&nbsp;&nbsp;&nbsp;&nbsp;&nbsp;&nbsp;&nbsp;&nbsp;&nbsp;&nbsp;&nbsp;&nbsp;&nbsp;&nbsp;&nbsp;&nbsp;&nbsp;&nbsp;&nbsp;&nbsp;&nbsp;&nbsp;&nbsp;&nbsp;&nbsp;&nbsp;&nbsp;&nbsp;&nbsp;&nbsp;&nbsp;&nbsp;&nbsp;&nbsp;\nPresidente<\/p>\n\n\n\n<p>&nbsp;&nbsp;&nbsp;&nbsp;&nbsp;&nbsp;&nbsp;&nbsp;&nbsp;&nbsp;&nbsp;&nbsp; Asesor\u00edas Laborales y Gesti\u00f3n <\/p>\n","protected":false},"excerpt":{"rendered":"<p>Expresamos nuestra preocupaci\u00f3n frente al abandono que sufre la actividad pesquera en nuestra regi\u00f3n por parte de las autoridades, los efectos de la pandemia dejan un resultado negativo en el&#8230; <a class=\"read-more\" href=\"https:\/\/www.radiopresidenteibanez.cl\/web\/declaracion-publica-sindicatos-buzos-armadores-y-pescadores-artesanales\/\">Leer m\u00e1s<\/a><\/p>\n","protected":false},"author":2,"featured_media":740,"comment_status":"closed","ping_status":"closed","sticky":false,"template":"","format":"standard","meta":{"footnotes":""},"categories":[1],"tags":[],"class_list":["post-16049","post","type-post","status-publish","format-standard","has-post-thumbnail","hentry","category-cronica"],"_links":{"self":[{"href":"https:\/\/www.radiopresidenteibanez.cl\/web\/wp-json\/wp\/v2\/posts\/16049","targetHints":{"allow":["GET"]}}],"collection":[{"href":"https:\/\/www.radiopresidenteibanez.cl\/web\/wp-json\/wp\/v2\/posts"}],"about":[{"href":"https:\/\/www.radiopresidenteibanez.cl\/web\/wp-json\/wp\/v2\/types\/post"}],"author":[{"embeddable":true,"href":"https:\/\/www.radiopresidenteibanez.cl\/web\/wp-json\/wp\/v2\/users\/2"}],"replies":[{"embeddable":true,"href":"https:\/\/www.radiopresidenteibanez.cl\/web\/wp-json\/wp\/v2\/comments?post=16049"}],"version-history":[{"count":0,"href":"https:\/\/www.radiopresidenteibanez.cl\/web\/wp-json\/wp\/v2\/posts\/16049\/revisions"}],"wp:featuredmedia":[{"embeddable":true,"href":"https:\/\/www.radiopresidenteibanez.cl\/web\/wp-json\/wp\/v2\/media\/740"}],"wp:attachment":[{"href":"https:\/\/www.radiopresidenteibanez.cl\/web\/wp-json\/wp\/v2\/media?parent=16049"}],"wp:term":[{"taxonomy":"category","embeddable":true,"href":"https:\/\/www.radiopresidenteibanez.cl\/web\/wp-json\/wp\/v2\/categories?post=16049"},{"taxonomy":"post_tag","embeddable":true,"href":"https:\/\/www.radiopresidenteibanez.cl\/web\/wp-json\/wp\/v2\/tags?post=16049"}],"curies":[{"name":"wp","href":"https:\/\/api.w.org\/{rel}","templated":true}]}}