{"id":16035,"date":"2020-11-14T19:52:07","date_gmt":"2020-11-14T19:52:07","guid":{"rendered":"https:\/\/www.radiopresidenteibanez.cl\/web\/?p=16035"},"modified":"2020-11-14T19:52:12","modified_gmt":"2020-11-14T19:52:12","slug":"en-juicio-oral-sujeto-que-incendio-afp-habitat-fue-condenado","status":"publish","type":"post","link":"https:\/\/www.radiopresidenteibanez.cl\/web\/en-juicio-oral-sujeto-que-incendio-afp-habitat-fue-condenado\/","title":{"rendered":"EN JUICIO ORAL SUJETO QUE INCENDI\u00d3 AFP HABITAT FUE CONDENADO"},"content":{"rendered":"\n<p>Luego de casi un mes de juicio oral, hoy fue\ncondenado por&nbsp; los delitos consumados de\nincendio y des\u00f3rdenes p\u00fablicos, Marcelo\nIgnacio Mandujano Salas.<\/p>\n\n\n\n<p>El\nveredicto lo dio a conocer el Tribunal Oral en lo Penal, bas\u00e1ndose en las\npruebas documentales, periciales,\ntestimonial, redes sociales y grabaciones presentadas en juicio, las cuales probaron que el delito\nse perpetr\u00f3 la\nnoche del 12 de noviembre del a\u00f1o\npasado, en momentos en que se viv\u00eda un\nEstado de conmoci\u00f3n en la ciudad, captando las c\u00e1maras municipales, paso a\npaso, la acci\u00f3n del acusado, qui\u00e9n junto a otros sujetos coordinaban su actuar &nbsp;desde momentos previos al incendio en la AFP H\u00e1bitat,\npor calle Col\u00f3n para luego \u00e9l ingresar a las dependencias con una tabla&nbsp; con fuego, inici\u00e1ndose posteriormente un\nincendio de grandes proporciones, con peligro de propagaci\u00f3n a otros edificios,\nque afect\u00f3 a toda la estructura y a su interior.<\/p>\n\n\n\n<p>La\nlectura de la sentencia se conocer\u00e1 el 1 de diciembre, a las 1330 horas, v\u00eda\nremota<\/p>\n","protected":false},"excerpt":{"rendered":"<p>Luego de casi un mes de juicio oral, hoy fue condenado por&nbsp; los delitos consumados de incendio y des\u00f3rdenes p\u00fablicos, Marcelo Ignacio Mandujano Salas. El veredicto lo dio a conocer&#8230; <a class=\"read-more\" href=\"https:\/\/www.radiopresidenteibanez.cl\/web\/en-juicio-oral-sujeto-que-incendio-afp-habitat-fue-condenado\/\">Leer m\u00e1s<\/a><\/p>\n","protected":false},"author":2,"featured_media":740,"comment_status":"closed","ping_status":"closed","sticky":false,"template":"","format":"standard","meta":{"footnotes":""},"categories":[1,6],"tags":[],"class_list":["post-16035","post","type-post","status-publish","format-standard","has-post-thumbnail","hentry","category-cronica","category-policial"],"_links":{"self":[{"href":"https:\/\/www.radiopresidenteibanez.cl\/web\/wp-json\/wp\/v2\/posts\/16035","targetHints":{"allow":["GET"]}}],"collection":[{"href":"https:\/\/www.radiopresidenteibanez.cl\/web\/wp-json\/wp\/v2\/posts"}],"about":[{"href":"https:\/\/www.radiopresidenteibanez.cl\/web\/wp-json\/wp\/v2\/types\/post"}],"author":[{"embeddable":true,"href":"https:\/\/www.radiopresidenteibanez.cl\/web\/wp-json\/wp\/v2\/users\/2"}],"replies":[{"embeddable":true,"href":"https:\/\/www.radiopresidenteibanez.cl\/web\/wp-json\/wp\/v2\/comments?post=16035"}],"version-history":[{"count":0,"href":"https:\/\/www.radiopresidenteibanez.cl\/web\/wp-json\/wp\/v2\/posts\/16035\/revisions"}],"wp:featuredmedia":[{"embeddable":true,"href":"https:\/\/www.radiopresidenteibanez.cl\/web\/wp-json\/wp\/v2\/media\/740"}],"wp:attachment":[{"href":"https:\/\/www.radiopresidenteibanez.cl\/web\/wp-json\/wp\/v2\/media?parent=16035"}],"wp:term":[{"taxonomy":"category","embeddable":true,"href":"https:\/\/www.radiopresidenteibanez.cl\/web\/wp-json\/wp\/v2\/categories?post=16035"},{"taxonomy":"post_tag","embeddable":true,"href":"https:\/\/www.radiopresidenteibanez.cl\/web\/wp-json\/wp\/v2\/tags?post=16035"}],"curies":[{"name":"wp","href":"https:\/\/api.w.org\/{rel}","templated":true}]}}