{"id":16032,"date":"2020-11-16T04:00:56","date_gmt":"2020-11-16T04:00:56","guid":{"rendered":"https:\/\/www.radiopresidenteibanez.cl\/web\/?p=16032"},"modified":"2020-11-14T19:50:15","modified_gmt":"2020-11-14T19:50:15","slug":"para-asegurar-resguardo-sanitario-prueba-de-transicion-se-realizara-en-dos-grupos-y-abrira-fecha-extraordinaria-para-postulantes-que-no-hayan-podido-rendirla-por-covid-19","status":"publish","type":"post","link":"https:\/\/www.radiopresidenteibanez.cl\/web\/para-asegurar-resguardo-sanitario-prueba-de-transicion-se-realizara-en-dos-grupos-y-abrira-fecha-extraordinaria-para-postulantes-que-no-hayan-podido-rendirla-por-covid-19\/","title":{"rendered":"PARA ASEGURAR RESGUARDO SANITARIO, PRUEBA DE TRANSICI\u00d3N SE REALIZAR\u00c1 EN DOS GRUPOS Y ABRIR\u00c1 FECHA EXTRAORDINARIA PARA POSTULANTES QUE NO HAYAN PODIDO RENDIRLA POR COVID-19"},"content":{"rendered":"\n<p>Luego de un trabajo de cuatro meses, que consider\u00f3 la revisi\u00f3n de\nexperiencias nacionales e internacionales, el desarrollo de protocolos\nespeciales y un levantamiento de las condiciones que deben cumplir los locales\nde rendici\u00f3n, la Mesa de Seguridad a cargo del Plan de Aplicaci\u00f3n de la Prueba\nde Transici\u00f3n 2021 inform\u00f3 hoy c\u00f3mo se realizar\u00e1 el proceso en el marco de la\nemergencia sanitaria. <\/p>\n\n\n\n<p>Tras hacer una revisi\u00f3n en terreno, los subsecretarios de Educaci\u00f3n\nSuperior, Juan Eduardo Vargas, y de Salud, Paula Daza, junto a la directora del\nDEMRE de la Universidad de Chile, Leonor Varas, informaron que, para cumplir\nlas exigencias sanitarias de distanciamiento f\u00edsico, sanitizaci\u00f3n e\nhigienizaci\u00f3n de locales, as\u00ed como evitar aglomeraciones en ingresos y salidas\nde los recintos, la prueba se deber\u00e1 rendir en dos grupos: el primero lo har\u00e1\nlos d\u00edas 4 y 5 de enero, mientras que el segundo los d\u00edas 7 y 8 de enero. \u201cLa\nPrueba de Transici\u00f3n 2021 es demasiado importante para 268 mil j\u00f3venes que\nquieren ingresar educaci\u00f3n superior y por eso el Plan de Aplicaci\u00f3n que impulsamos\nabre m\u00e1s fechas para que todos ellos puedan rendir la prueba en las mejores\ncondiciones. Estamos realizando un trabajo in\u00e9dito para que la evaluaci\u00f3n\ncumpla todas las medidas sanitarias y as\u00ed los estudiantes y sus familias puedan\nvivir este proceso con tranquilidad y seguridad\u201d, explic\u00f3 el subsecretario\nVargas. <\/p>\n\n\n\n<p>Los 268 mil postulantes ser\u00e1n divididos en los dos grupos de manera\naleatoria para que puedan rendir los ex\u00e1menes obligatorios y electivos durante\nla misma semana de aplicaci\u00f3n. El grupo en que estar\u00e1 asignado cada estudiante,\nas\u00ed como su local de rendici\u00f3n ser\u00e1 informado el 23 de diciembre en el portal\nacceso.mineduc.cl.&nbsp; <\/p>\n\n\n\n<p><strong>Medidas sanitarias<\/strong><\/p>\n\n\n\n<p>De acuerdo a los protocolos elaborados por la Mesa de Seguridad, para la\nrendici\u00f3n de las pruebas, los j\u00f3venes deber\u00e1n llegar a su local con tiempo\nsuficiente, con el objetivo de evitar aglomeraciones e ingresar luego de la\nrevisi\u00f3n de Carabineros, que estar\u00e1 custodiando los recintos y fiscalizando que\nlos asistentes no est\u00e9n en la n\u00f3mina de enfermos por COVID-19. Esto, porque\ntodos los estudiantes que al momento de rendir la prueba tengan un PCR Positivo\no est\u00e9n en cuarentena obligatoria certificada por el Ministerio de Salud podr\u00e1n\nexcusarse de asistir ese d\u00eda. En ese caso, ellos podr\u00e1n notificar su situaci\u00f3n\na trav\u00e9s del portal acceso.mineduc.cl, para que dicha informaci\u00f3n sea validada\ny, tras la confirmaci\u00f3n del Minsal, se les habilite para rendir la evaluaci\u00f3n\nen una fecha extraordinaria.&nbsp; <\/p>\n\n\n\n<p>\u201cQueremos decirles a todos los j\u00f3venes que, para esta prueba, la\nalternativa correcta es cuidarnos entre todos. Hemos trabajado en conjunto con\neducaci\u00f3n un protocolo sanitario para que la rendici\u00f3n de esta prueba que es\ntan importante para su futuro sea de forma tranquila y segura en el contexto de\npandemia. Para eso es importante que cumpla con ciertos requisitos obligatorios\nque aseguran que nadie se vea expuesto al contagio de Covid- 19 durante esta\nprueba\u201d, agreg\u00f3 la subsecretaria de Salud, Paula Daza. <\/p>\n\n\n\n<p><strong>Protocolo sanitario<\/strong><\/p>\n\n\n\n<ol class=\"wp-block-list\"><li><strong>Locales de rendici\u00f3n: <\/strong>Para la aplicaci\u00f3n de las pruebas, se habilitar\u00e1n m\u00e1s de 700 locales a lo\nlargo del pa\u00eds que deber\u00e1n implementar los protocolos sanitarios elaborados\npara esta ocasi\u00f3n. Entre ellos destaca que las salas deben tener un espacio\nsuficiente para garantizar una distancia de al menos 1 metro lineal entre\npostulantes y se dispondr\u00e1n salas especiales que se dispondr\u00e1n para personas en\nsituaci\u00f3n de discapacidad. Las salas adem\u00e1s deben tener ventilaci\u00f3n natural permanente\ndurante la rendici\u00f3n de las pruebas y los recintos deben contar con v\u00edas de\ningreso y salida diferenciadas.<\/li><\/ol>\n\n\n\n<ul class=\"wp-block-list\"><li><strong>Sanitizaci\u00f3n e higienizaci\u00f3n: <\/strong>Los locales de aplicaci\u00f3n ser\u00e1n sanitizados el d\u00eda previo al proceso y se\ndemarcar\u00e1n en los ingresos y dentro de las salas las medidas de distanciamiento\nexigidas. Previo a la aplicaci\u00f3n de cada prueba, un equipo de 1.400 auxiliares\npreviamente capacitado realizar\u00e1 la limpieza y desinfecci\u00f3n de los espacios\ncomunes, salas, ba\u00f1os, etc., la cual se efectuar\u00e1 tambi\u00e9n entre cada prueba y\nal t\u00e9rmino de cada jornada. <strong><\/strong><\/li><\/ul>\n\n\n\n<ul class=\"wp-block-list\"><li><strong>Kit Sanitarios: <\/strong>El\nproceso considerar\u00e1 la entrega de Kit Sanitarios para los 26 mil colaboradores\nque facilitar\u00e1n la aplicaci\u00f3n, los que incluyen set de mascarillas, guantes\ndesechables, desinfectantes, alcohol gel, rociadores desinfectantes, pa\u00f1os de\nlimpieza especiales, etc. Considerando el tiempo de permanencia para la\nrendici\u00f3n de las pruebas, los postulantes deben llevar su mascarilla y una de\nrecambio, alcohol gel, l\u00e1piz grafito y goma de borrar, junto a su tarjeta de\nidentificaci\u00f3n y c\u00e9dula de identidad. En la eventualidad de que un\npostulante no llegue con los insumos sanitarios, cada local contar\u00e1 con un\nn\u00famero de mascarillas, alcohol gel, l\u00e1piz y goma de reemplazo. <\/li><\/ul>\n\n\n\n<ul class=\"wp-block-list\"><li><strong>Ingreso de estudiantes y aplicaci\u00f3n de la prueba: <\/strong>Al momento de ingresar a los locales de rendici\u00f3n,\ntodas las personas, sin excepci\u00f3n, deber\u00e1n desinfectar sus manos con alcohol\ngel y seguir las instrucciones de ingreso, respetando siempre el metro lineal\nde distancia, con el fin de que los examinadores puedan verificar su identidad.\nEn cada local se fiscalizar\u00e1 que ning\u00fan postulante est\u00e9 con PCR Positivo o\ncuarentena obligatoria dictaminada por la autoridad sanitaria. <\/li><\/ul>\n","protected":false},"excerpt":{"rendered":"<p>Luego de un trabajo de cuatro meses, que consider\u00f3 la revisi\u00f3n de experiencias nacionales e internacionales, el desarrollo de protocolos especiales y un levantamiento de las condiciones que deben cumplir&#8230; <a class=\"read-more\" href=\"https:\/\/www.radiopresidenteibanez.cl\/web\/para-asegurar-resguardo-sanitario-prueba-de-transicion-se-realizara-en-dos-grupos-y-abrira-fecha-extraordinaria-para-postulantes-que-no-hayan-podido-rendirla-por-covid-19\/\">Leer m\u00e1s<\/a><\/p>\n","protected":false},"author":2,"featured_media":16033,"comment_status":"closed","ping_status":"closed","sticky":false,"template":"","format":"standard","meta":{"footnotes":""},"categories":[1],"tags":[],"class_list":["post-16032","post","type-post","status-publish","format-standard","has-post-thumbnail","hentry","category-cronica"],"_links":{"self":[{"href":"https:\/\/www.radiopresidenteibanez.cl\/web\/wp-json\/wp\/v2\/posts\/16032","targetHints":{"allow":["GET"]}}],"collection":[{"href":"https:\/\/www.radiopresidenteibanez.cl\/web\/wp-json\/wp\/v2\/posts"}],"about":[{"href":"https:\/\/www.radiopresidenteibanez.cl\/web\/wp-json\/wp\/v2\/types\/post"}],"author":[{"embeddable":true,"href":"https:\/\/www.radiopresidenteibanez.cl\/web\/wp-json\/wp\/v2\/users\/2"}],"replies":[{"embeddable":true,"href":"https:\/\/www.radiopresidenteibanez.cl\/web\/wp-json\/wp\/v2\/comments?post=16032"}],"version-history":[{"count":0,"href":"https:\/\/www.radiopresidenteibanez.cl\/web\/wp-json\/wp\/v2\/posts\/16032\/revisions"}],"wp:featuredmedia":[{"embeddable":true,"href":"https:\/\/www.radiopresidenteibanez.cl\/web\/wp-json\/wp\/v2\/media\/16033"}],"wp:attachment":[{"href":"https:\/\/www.radiopresidenteibanez.cl\/web\/wp-json\/wp\/v2\/media?parent=16032"}],"wp:term":[{"taxonomy":"category","embeddable":true,"href":"https:\/\/www.radiopresidenteibanez.cl\/web\/wp-json\/wp\/v2\/categories?post=16032"},{"taxonomy":"post_tag","embeddable":true,"href":"https:\/\/www.radiopresidenteibanez.cl\/web\/wp-json\/wp\/v2\/tags?post=16032"}],"curies":[{"name":"wp","href":"https:\/\/api.w.org\/{rel}","templated":true}]}}