{"id":16026,"date":"2020-11-16T03:50:00","date_gmt":"2020-11-16T03:50:00","guid":{"rendered":"https:\/\/www.radiopresidenteibanez.cl\/web\/?p=16026"},"modified":"2020-11-14T19:45:15","modified_gmt":"2020-11-14T19:45:15","slug":"con-nueva-aplicacion-para-seguimiento-de-buses-sigue-avanzando-servicio-red-punta-arenas","status":"publish","type":"post","link":"https:\/\/www.radiopresidenteibanez.cl\/web\/con-nueva-aplicacion-para-seguimiento-de-buses-sigue-avanzando-servicio-red-punta-arenas\/","title":{"rendered":"CON NUEVA APLICACI\u00d3N PARA SEGUIMIENTO DE BUSES SIGUE AVANZANDO SERVICIO RED PUNTA ARENAS"},"content":{"rendered":"\n<p>Considerada desde el comienzo en el contrato, ya se\nencuentra a disposici\u00f3n de las y los usuarios la aplicaci\u00f3n (App) \u201cBusCity\u201d,\ndonde a trav\u00e9s de la plataforma \u201cCitym\u00f3vil\u201d quienes se dirigen a un paradero de\ntransporte p\u00fablico pueden confirmar en sus dispositivos m\u00f3viles el momento\nexacto en que pasar\u00e1 un bus de cada l\u00ednea del servicio Red Punta Arenas.<\/p>\n\n\n\n<p>Seg\u00fan lo relatado por\nel seremi de Transportes y Telecomunicaciones Marco Mella B\u00f3rquez, la\naplicaci\u00f3n dise\u00f1ada para sistemas operativos Android y Apple, muestra el\nhorario de llegada de los microbuses de las distintas l\u00edneas por los\nparaderos.&nbsp; \u201cEn este per\u00edodo en que el\nservicio funciona con una frecuencia adecuada a la demanda por la baja\nmovilidad debido a la pandemia por CoVid-19, se recomienda el uso de la\naplicaci\u00f3n para detectar la circulaci\u00f3n de las micros con mayor exactitud\u201d,\ndijo el seremitt Marco Mella.<\/p>\n\n\n\n<p>La aplicaci\u00f3n muestra en tiempo real la red de paraderos de\nla comuna, se\u00f1alando las paradas m\u00e1s cercanas al punto desde donde se abre la\nApp, las paradas m\u00e1s recientes de las distintas l\u00edneas de buses y las que\nsiguen en el tiempo, con el horario estimado en que estar\u00e1n en el paradero.<\/p>\n\n\n\n<p>\u201cTambi\u00e9n \u2018acusa\u2019 cuando las micros llegaron con retraso a\nalg\u00fan punto de la ciudad. Lo m\u00e1s importante es hacer el llamado a la ciudadan\u00eda\na considerar el uso de la plataforma digital, ya que puede evitar que las\npersonas esperen por 20 minutos en el paradero la llegada de su bus, debido a\nla frecuencia reducida que tienen las l\u00edneas producto de la baja demanda\nactual\u201d, se\u00f1al\u00f3 Mella. <\/p>\n\n\n\n<p>Esto, apoyar\u00eda adem\u00e1s las medidas de gesti\u00f3n de\naglomeraciones, para cuando la capital regional cambie de fase y se deban\nmaximizar las medidas preventivas como la de distancia f\u00edsica entre los\npasajeros que esperan los buses en las paradas, ayud\u00e1ndoles a programar de\nmejor manera sus viajes.<\/p>\n\n\n\n<p>A poco m\u00e1s de un mes de la puesta en marcha en la capital\nregional del servicio de transporte p\u00fablico Red Punta Arenas, \u00e9ste ha tenido\nuna buena recepci\u00f3n del p\u00fablico y una positiva evaluaci\u00f3n por parte de los\nusuarios.<\/p>\n","protected":false},"excerpt":{"rendered":"<p>Considerada desde el comienzo en el contrato, ya se encuentra a disposici\u00f3n de las y los usuarios la aplicaci\u00f3n (App) \u201cBusCity\u201d, donde a trav\u00e9s de la plataforma \u201cCitym\u00f3vil\u201d quienes se&#8230; <a class=\"read-more\" href=\"https:\/\/www.radiopresidenteibanez.cl\/web\/con-nueva-aplicacion-para-seguimiento-de-buses-sigue-avanzando-servicio-red-punta-arenas\/\">Leer m\u00e1s<\/a><\/p>\n","protected":false},"author":2,"featured_media":16027,"comment_status":"closed","ping_status":"closed","sticky":false,"template":"","format":"standard","meta":{"footnotes":""},"categories":[1],"tags":[],"class_list":["post-16026","post","type-post","status-publish","format-standard","has-post-thumbnail","hentry","category-cronica"],"_links":{"self":[{"href":"https:\/\/www.radiopresidenteibanez.cl\/web\/wp-json\/wp\/v2\/posts\/16026","targetHints":{"allow":["GET"]}}],"collection":[{"href":"https:\/\/www.radiopresidenteibanez.cl\/web\/wp-json\/wp\/v2\/posts"}],"about":[{"href":"https:\/\/www.radiopresidenteibanez.cl\/web\/wp-json\/wp\/v2\/types\/post"}],"author":[{"embeddable":true,"href":"https:\/\/www.radiopresidenteibanez.cl\/web\/wp-json\/wp\/v2\/users\/2"}],"replies":[{"embeddable":true,"href":"https:\/\/www.radiopresidenteibanez.cl\/web\/wp-json\/wp\/v2\/comments?post=16026"}],"version-history":[{"count":0,"href":"https:\/\/www.radiopresidenteibanez.cl\/web\/wp-json\/wp\/v2\/posts\/16026\/revisions"}],"wp:featuredmedia":[{"embeddable":true,"href":"https:\/\/www.radiopresidenteibanez.cl\/web\/wp-json\/wp\/v2\/media\/16027"}],"wp:attachment":[{"href":"https:\/\/www.radiopresidenteibanez.cl\/web\/wp-json\/wp\/v2\/media?parent=16026"}],"wp:term":[{"taxonomy":"category","embeddable":true,"href":"https:\/\/www.radiopresidenteibanez.cl\/web\/wp-json\/wp\/v2\/categories?post=16026"},{"taxonomy":"post_tag","embeddable":true,"href":"https:\/\/www.radiopresidenteibanez.cl\/web\/wp-json\/wp\/v2\/tags?post=16026"}],"curies":[{"name":"wp","href":"https:\/\/api.w.org\/{rel}","templated":true}]}}