{"id":16023,"date":"2020-11-14T19:42:59","date_gmt":"2020-11-14T19:42:59","guid":{"rendered":"https:\/\/www.radiopresidenteibanez.cl\/web\/?p=16023"},"modified":"2020-11-14T19:43:04","modified_gmt":"2020-11-14T19:43:04","slug":"aguas-magallanes-anuncia-rebaja-de-3-en-la-tarifa-a-partir-de-diciembre-de-2021","status":"publish","type":"post","link":"https:\/\/www.radiopresidenteibanez.cl\/web\/aguas-magallanes-anuncia-rebaja-de-3-en-la-tarifa-a-partir-de-diciembre-de-2021\/","title":{"rendered":"AGUAS MAGALLANES ANUNCIA REBAJA DE 3% EN LA TARIFA A PARTIR DE DICIEMBRE DE 2021"},"content":{"rendered":"\n<p>En los \u00faltimos 10 a\u00f1os, la tarifa ha tenido un comportamiento m\u00e1s bien lineal, sin embargo, en el \u00faltimo proceso tarifario, se acord\u00f3 una disminuci\u00f3n de 3% en la cuenta del agua y servicio de alcantarillado. El gerente regional de Aguas Magallanes, Christian Adema Galetovic indic\u00f3 que \u201csi bien esta rebaja implicar\u00e1 menores ingresos para la empresa, en ning\u00fan caso afectar\u00e1 el plan de inversiones proyectado para las plantas de producci\u00f3n y tratamiento de aguas servidas -proyectos que la compa\u00f1\u00eda retomar\u00e1 durante los pr\u00f3ximos d\u00edas-, pensados para abordar el cambio clim\u00e1tico y, a su vez, para garantizar un servicio de calidad a nuestros clientes\u201d.<\/p>\n\n\n\n<p>De esta forma, la compa\u00f1\u00eda contempla inversiones que superan los $ 17 mil millones, entre las que destacan la ampliaci\u00f3n de la planta de tratamiento de agua potable en Punta Arenas y las obras de mejoramiento de la planta de agua potable de Puerto Natales, as\u00ed como la renovaci\u00f3n de redes y otras obras en las comunas que atiende.<\/p>\n\n\n\n<p>El ejecutivo explic\u00f3 que, \u201cel crecimiento de las ciudades y la agregaci\u00f3n de un n\u00famero significativo de clientes que requieren nuestros servicios de agua potable en los \u00faltimos a\u00f1os, hacen posible que se generen econom\u00edas de escala y redistribuci\u00f3n de costos, lo que nos permiti\u00f3 realizar este esfuerzo\u201d, concluy\u00f3.<br><\/p>\n","protected":false},"excerpt":{"rendered":"<p>En los \u00faltimos 10 a\u00f1os, la tarifa ha tenido un comportamiento m\u00e1s bien lineal, sin embargo, en el \u00faltimo proceso tarifario, se acord\u00f3 una disminuci\u00f3n de 3% en la cuenta&#8230; <a class=\"read-more\" href=\"https:\/\/www.radiopresidenteibanez.cl\/web\/aguas-magallanes-anuncia-rebaja-de-3-en-la-tarifa-a-partir-de-diciembre-de-2021\/\">Leer m\u00e1s<\/a><\/p>\n","protected":false},"author":2,"featured_media":16024,"comment_status":"closed","ping_status":"closed","sticky":false,"template":"","format":"standard","meta":{"footnotes":""},"categories":[1],"tags":[],"class_list":["post-16023","post","type-post","status-publish","format-standard","has-post-thumbnail","hentry","category-cronica"],"_links":{"self":[{"href":"https:\/\/www.radiopresidenteibanez.cl\/web\/wp-json\/wp\/v2\/posts\/16023","targetHints":{"allow":["GET"]}}],"collection":[{"href":"https:\/\/www.radiopresidenteibanez.cl\/web\/wp-json\/wp\/v2\/posts"}],"about":[{"href":"https:\/\/www.radiopresidenteibanez.cl\/web\/wp-json\/wp\/v2\/types\/post"}],"author":[{"embeddable":true,"href":"https:\/\/www.radiopresidenteibanez.cl\/web\/wp-json\/wp\/v2\/users\/2"}],"replies":[{"embeddable":true,"href":"https:\/\/www.radiopresidenteibanez.cl\/web\/wp-json\/wp\/v2\/comments?post=16023"}],"version-history":[{"count":0,"href":"https:\/\/www.radiopresidenteibanez.cl\/web\/wp-json\/wp\/v2\/posts\/16023\/revisions"}],"wp:featuredmedia":[{"embeddable":true,"href":"https:\/\/www.radiopresidenteibanez.cl\/web\/wp-json\/wp\/v2\/media\/16024"}],"wp:attachment":[{"href":"https:\/\/www.radiopresidenteibanez.cl\/web\/wp-json\/wp\/v2\/media?parent=16023"}],"wp:term":[{"taxonomy":"category","embeddable":true,"href":"https:\/\/www.radiopresidenteibanez.cl\/web\/wp-json\/wp\/v2\/categories?post=16023"},{"taxonomy":"post_tag","embeddable":true,"href":"https:\/\/www.radiopresidenteibanez.cl\/web\/wp-json\/wp\/v2\/tags?post=16023"}],"curies":[{"name":"wp","href":"https:\/\/api.w.org\/{rel}","templated":true}]}}