{"id":16020,"date":"2020-11-16T03:45:41","date_gmt":"2020-11-16T03:45:41","guid":{"rendered":"https:\/\/www.radiopresidenteibanez.cl\/web\/?p=16020"},"modified":"2020-11-14T19:41:37","modified_gmt":"2020-11-14T19:41:37","slug":"40-por-ciento-de-avance-registra-construccion-de-avenida-dalcahue-en-sector-de-punta-arenas","status":"publish","type":"post","link":"https:\/\/www.radiopresidenteibanez.cl\/web\/40-por-ciento-de-avance-registra-construccion-de-avenida-dalcahue-en-sector-de-punta-arenas\/","title":{"rendered":"40 POR CIENTO DE AVANCE REGISTRA CONSTRUCCI\u00d3N DE AVENIDA DALCAHUE EN SECTOR DE PUNTA ARENAS"},"content":{"rendered":"\n<p>La iniciativa se ejecuta mediante dos proyectos simult\u00e1neos que consisten en la canalizaci\u00f3n del chorrillo sin nombre, conocido como Canal Magdalena, que desciende por el sector y desemboca en el Parque Mar\u00eda Behety y en la construcci\u00f3n de Avenida Dalcahue.<\/p>\n\n\n\n<p>El Director Regional del Serviu,&nbsp;<strong>Dubalio P\u00e9rez Ruiz<\/strong>, inform\u00f3 ambos proyectos involucran una inversi\u00f3n del FNDR de 2.129 millones de pesos y a la fecha registran un 40 por ciento de avance. Respecto a los beneficios de estas obras, indic\u00f3&nbsp;<strong>\u201cLo que busca la construcci\u00f3n de Avenida Dalcahue, es conectar el sector sur poniente de la ciudad, especialmente en la finalizaci\u00f3n de Manuel Rodr\u00edguez, con Mart\u00ednez de Aldunate, en una diagonal y el proyecto de chorrillo sin nombre, encausar las aguas que desembocan en el Parque Mar\u00eda Behety para solucionar los problemas de aguas lluvias, por lo cual se tiene que desarrollar en un trabajo no solo en el punto donde se produce la inundaci\u00f3n, sino en la parte superior de la ciudad\u201d.<\/strong><\/p>\n\n\n\n<p>El plazo de ejecuci\u00f3n de los trabajos es de 450 d\u00edas, culminando en mayo de 2021. Las obras, adjudicadas a la empresa Vilicic, involucran la pavimentaci\u00f3n de 815 metros lineales de calzada, 1.300 metros lineales de aceras y 460 metros lineales de ciclov\u00edas. Consideran, adem\u00e1s, la instalaci\u00f3n de soleras, demarcaci\u00f3n vial, iluminaci\u00f3n y paisajismo. Mediante el proyecto se concluye, adem\u00e1s, la pavimentaci\u00f3n de media faja de Avenida Castro, entre Dalcahue y Chonchi.<\/p>\n\n\n\n<p>Cabe se\u00f1alar que el Minvu construir\u00e1 nuevos conjuntos habitacionales en el sector sur, los que est\u00e1n destinados a agrupaciones de vivienda que se adjudicaron subsidios del Fondo Solidario de Elecci\u00f3n de Vivienda, por lo cual el director del Serviu adelant\u00f3 que se proyecta la futura instalaci\u00f3n de diversos servicios en terrenos destinados a equipamiento.<\/p>\n","protected":false},"excerpt":{"rendered":"<p>La iniciativa se ejecuta mediante dos proyectos simult\u00e1neos que consisten en la canalizaci\u00f3n del chorrillo sin nombre, conocido como Canal Magdalena, que desciende por el sector y desemboca en el&#8230; <a class=\"read-more\" href=\"https:\/\/www.radiopresidenteibanez.cl\/web\/40-por-ciento-de-avance-registra-construccion-de-avenida-dalcahue-en-sector-de-punta-arenas\/\">Leer m\u00e1s<\/a><\/p>\n","protected":false},"author":2,"featured_media":16021,"comment_status":"closed","ping_status":"closed","sticky":false,"template":"","format":"standard","meta":{"footnotes":""},"categories":[1],"tags":[],"class_list":["post-16020","post","type-post","status-publish","format-standard","has-post-thumbnail","hentry","category-cronica"],"_links":{"self":[{"href":"https:\/\/www.radiopresidenteibanez.cl\/web\/wp-json\/wp\/v2\/posts\/16020","targetHints":{"allow":["GET"]}}],"collection":[{"href":"https:\/\/www.radiopresidenteibanez.cl\/web\/wp-json\/wp\/v2\/posts"}],"about":[{"href":"https:\/\/www.radiopresidenteibanez.cl\/web\/wp-json\/wp\/v2\/types\/post"}],"author":[{"embeddable":true,"href":"https:\/\/www.radiopresidenteibanez.cl\/web\/wp-json\/wp\/v2\/users\/2"}],"replies":[{"embeddable":true,"href":"https:\/\/www.radiopresidenteibanez.cl\/web\/wp-json\/wp\/v2\/comments?post=16020"}],"version-history":[{"count":0,"href":"https:\/\/www.radiopresidenteibanez.cl\/web\/wp-json\/wp\/v2\/posts\/16020\/revisions"}],"wp:featuredmedia":[{"embeddable":true,"href":"https:\/\/www.radiopresidenteibanez.cl\/web\/wp-json\/wp\/v2\/media\/16021"}],"wp:attachment":[{"href":"https:\/\/www.radiopresidenteibanez.cl\/web\/wp-json\/wp\/v2\/media?parent=16020"}],"wp:term":[{"taxonomy":"category","embeddable":true,"href":"https:\/\/www.radiopresidenteibanez.cl\/web\/wp-json\/wp\/v2\/categories?post=16020"},{"taxonomy":"post_tag","embeddable":true,"href":"https:\/\/www.radiopresidenteibanez.cl\/web\/wp-json\/wp\/v2\/tags?post=16020"}],"curies":[{"name":"wp","href":"https:\/\/api.w.org\/{rel}","templated":true}]}}