{"id":1602,"date":"2019-02-26T00:18:23","date_gmt":"2019-02-26T00:18:23","guid":{"rendered":"http:\/\/www.radiopresidenteibanez.cl\/web\/?p=1602"},"modified":"2019-02-26T00:18:45","modified_gmt":"2019-02-26T00:18:45","slug":"seremi-s-de-justicia-y-dd-hh-visito-c-e-t-de-gendarmeria-para-conocer-en-terreno-avances-en-reinsercion","status":"publish","type":"post","link":"https:\/\/www.radiopresidenteibanez.cl\/web\/seremi-s-de-justicia-y-dd-hh-visito-c-e-t-de-gendarmeria-para-conocer-en-terreno-avances-en-reinsercion\/","title":{"rendered":"SEREMI (S) DE JUSTICIA Y DD.HH. VISIT\u00d3 C.E.T. DE GENDARMER\u00cdA PARA CONOCER EN TERRENO AVANCES EN REINSERCI\u00d3N"},"content":{"rendered":"\n<p>Una\nvisita en terreno realiz\u00f3 esta ma\u00f1ana la Seremi (S) de Justicia y DD.HH.,\nFrancisca Rojas Philippi, a las instalaciones del Centro de Educaci\u00f3n y Trabajo\n(C.E.T. Cerrado) de Gendarmer\u00eda, al interior del Complejo Penitenciario de\nPunta Arenas, el cual brinda capacitaci\u00f3n t\u00e9cnica, trabajo regular y\nremunerado, educaci\u00f3n, formaci\u00f3n e intervenci\u00f3n psicosocial a un grupo de\ninternos.<\/p>\n\n\n\n<p>De\nesta manera, la autoridad, acompa\u00f1ada del Director Regional (S) de Gendarmer\u00eda,\nDan Toro Ar\u00e9valo, pudo interiorizarse de las condiciones de infraestructura e\nimplementaci\u00f3n de que disponen los reclusos para la elaboraci\u00f3n y restauraci\u00f3n\nde muebles y otros art\u00edculos en madera, constatando la dedicaci\u00f3n y seriedad\ncon que se desarrolla dicha labor.<\/p>\n\n\n\n<p>Francisca\nRojas valor\u00f3 el trabajo realizado tanto por los usuarios como por el personal\ndel C.E.T., con quienes dialog\u00f3: <em>\u201cHay un\ncompromiso importante por ayudar a los internos a conocer un oficio nuevo para\ntratar de salir adelante, y generar un aporte a sus familias con este trabajo\nque realizan\u201d.<\/em> Esto, enmarcado en la prioridad del gobierno del Presidente\nSebasti\u00e1n Pi\u00f1era de dar m\u00e1s oportunidades de educaci\u00f3n y trabajo a personas\nprivadas de libertad.<\/p>\n\n\n\n<p>El\ncapit\u00e1n Manuel Pinto Tejo, encargado de la unidad, indic\u00f3 que actualmente el C.E.T.\nCerrado de Punta Arenas brinda trabajo a 17 internos, y disponen de un total de\n20 plazas, que esperan completar a trav\u00e9s de un proceso de selecci\u00f3n por\nconducta, nivel de aprendizaje y de inter\u00e9s del usuario. El a\u00f1o pasado\nregistraron utilidades por 55 millones de pesos, en tanto el a\u00f1o anterior\nfueron 33 millones de pesos. Como entidad sin fines de lucro, toda su\nmaquinaria es adquirida con proyectos participativos institucionales, y\nactualmente postulan a la adquisici\u00f3n de una m\u00e1quina quemadora l\u00e1ser para hacer\npirograbado.<\/p>\n\n\n\n<p>Finalmente,\nla Seremi (S) formul\u00f3 una invitaci\u00f3n a la comunidad, a aquellos que tengan\nnecesidad de confeccionar alg\u00fan mueble o trabajo relacionado con madera, <em>\u201ca que no duden en acercarse a este centro,\nporque obtendr\u00e1n un producto bonito y de buena calidad, y de paso ayudar\u00e1n a la\ncomunidad de internos en Punta Arenas\u201d.<\/em><\/p>\n","protected":false},"excerpt":{"rendered":"<p>Una visita en terreno realiz\u00f3 esta ma\u00f1ana la Seremi (S) de Justicia y DD.HH., Francisca Rojas Philippi, a las instalaciones del Centro de Educaci\u00f3n y Trabajo (C.E.T. Cerrado) de Gendarmer\u00eda,&#8230; <a class=\"read-more\" href=\"https:\/\/www.radiopresidenteibanez.cl\/web\/seremi-s-de-justicia-y-dd-hh-visito-c-e-t-de-gendarmeria-para-conocer-en-terreno-avances-en-reinsercion\/\">Leer m\u00e1s<\/a><\/p>\n","protected":false},"author":2,"featured_media":1603,"comment_status":"closed","ping_status":"closed","sticky":false,"template":"","format":"standard","meta":{"footnotes":""},"categories":[1],"tags":[],"class_list":["post-1602","post","type-post","status-publish","format-standard","has-post-thumbnail","hentry","category-cronica"],"_links":{"self":[{"href":"https:\/\/www.radiopresidenteibanez.cl\/web\/wp-json\/wp\/v2\/posts\/1602","targetHints":{"allow":["GET"]}}],"collection":[{"href":"https:\/\/www.radiopresidenteibanez.cl\/web\/wp-json\/wp\/v2\/posts"}],"about":[{"href":"https:\/\/www.radiopresidenteibanez.cl\/web\/wp-json\/wp\/v2\/types\/post"}],"author":[{"embeddable":true,"href":"https:\/\/www.radiopresidenteibanez.cl\/web\/wp-json\/wp\/v2\/users\/2"}],"replies":[{"embeddable":true,"href":"https:\/\/www.radiopresidenteibanez.cl\/web\/wp-json\/wp\/v2\/comments?post=1602"}],"version-history":[{"count":0,"href":"https:\/\/www.radiopresidenteibanez.cl\/web\/wp-json\/wp\/v2\/posts\/1602\/revisions"}],"wp:featuredmedia":[{"embeddable":true,"href":"https:\/\/www.radiopresidenteibanez.cl\/web\/wp-json\/wp\/v2\/media\/1603"}],"wp:attachment":[{"href":"https:\/\/www.radiopresidenteibanez.cl\/web\/wp-json\/wp\/v2\/media?parent=1602"}],"wp:term":[{"taxonomy":"category","embeddable":true,"href":"https:\/\/www.radiopresidenteibanez.cl\/web\/wp-json\/wp\/v2\/categories?post=1602"},{"taxonomy":"post_tag","embeddable":true,"href":"https:\/\/www.radiopresidenteibanez.cl\/web\/wp-json\/wp\/v2\/tags?post=1602"}],"curies":[{"name":"wp","href":"https:\/\/api.w.org\/{rel}","templated":true}]}}