{"id":16011,"date":"2020-11-15T03:45:51","date_gmt":"2020-11-15T03:45:51","guid":{"rendered":"https:\/\/www.radiopresidenteibanez.cl\/web\/?p=16011"},"modified":"2020-11-14T19:35:03","modified_gmt":"2020-11-14T19:35:03","slug":"rebaja-tarifaria-en-la-cuenta-del-agua-potable-beneficiara-a-mas-de-200-mil-personas-en-la-region-de-magallanes","status":"publish","type":"post","link":"https:\/\/www.radiopresidenteibanez.cl\/web\/rebaja-tarifaria-en-la-cuenta-del-agua-potable-beneficiara-a-mas-de-200-mil-personas-en-la-region-de-magallanes\/","title":{"rendered":"REBAJA TARIFARIA EN LA CUENTA DEL AGUA POTABLE BENEFICIAR\u00c1 A M\u00c1S DE 200 MIL PERSONAS EN LA REGI\u00d3N DE MAGALLANES"},"content":{"rendered":"\n<p>Cerca de 200 mil\npersonas de la Regi\u00f3n de Magallanes se beneficiar\u00e1n con una rebaja de 3% en la\ncuenta del agua. As\u00ed lo anunciaron esta ma\u00f1ana el ministro de Obras P\u00fablicas\nAlfredo Moreno, el superintendente (s) de Servicios Sanitarios Jorge Rivas, y\nla Intendenta Jennifer Rojas, quienes entregaron los detalles del nuevo acuerdo\ntarifario para los clientes de la empresa de servicios sanitarios Aguas\nMagallanes, que beneficiar\u00e1 a las comunas de Punta Arenas, Puerto Natales y\nPorvenir, adem\u00e1s, de las nuevas obras para fortalecer la seguridad del\nsuministro frente a eventos de fuerza mayor.<\/p>\n\n\n\n<p>\u201cEsta es una\nbuena noticia para los habitantes de Magallanes en t\u00e9rminos de disponibilidad,\ncalidad y tarifa de agua, porque tendr\u00e1n a partir de diciembre de 2021 y\ndurante los pr\u00f3ximos 5 a\u00f1os, un reducci\u00f3n en las tarifas, tambi\u00e9n van a tener\nun mucho mejor abastecimiento, se van a resolver los problemas de turbiedad con\nlas nuevas plantas que se est\u00e1n construyendo y las que se van a agregar,\nadem\u00e1s, del mejoramiento de la red de distribuci\u00f3n. En total es una inversi\u00f3n\nde m\u00e1s de $6.000 millones que se va a realizar en materia de agua\u201d, inform\u00f3 el\nministro Alfredo Moreno en una\nconferencia de prensa online con autoridades y medios de comunicaci\u00f3n de la regi\u00f3n.<\/p>\n\n\n\n<p>Al respecto,\nla intendenta de la Regi\u00f3n de Magallanes, Jenniffer Rojas, valor\u00f3 los alcances\nde este acuerdo. \u201cEsto significa que m\u00e1s de 54.000 hogares magall\u00e1nicos van a\npoder optar a partir del pr\u00f3ximo a\u00f1o en la reducci\u00f3n del 3 por ciento en sus\ncuentas domiciliarias. Esto tambi\u00e9n va de la mano con un importante plan de\ninversi\u00f3n en obras que van a dar soluci\u00f3n a problemas que hemos tenido en a\u00f1os\nanteriores de turbiedad y de cortes prolongados, como sufrieron especialmente\nlos habitantes de Puerto Natales\u201d, destac\u00f3 la Intendenta.<\/p>\n\n\n\n<p>Por su\nparte, el superintendente (S) de Servicios Sanitarios, Jorge Rivas, explic\u00f3 que\nlos procesos de fijaci\u00f3n tarifaria se realizan cada cinco a\u00f1os, son\neminentemente t\u00e9cnicos, est\u00e1n reglados por la Ley que rige los servicios\nsanitarios y se deben iniciar al menos un a\u00f1o antes de la vigencia de las\nnuevas tarifas, por lo tanto, en este caso el quinquenio en que van a regir es entre\ndiciembre de 2021 y diciembre de 2026.<\/p>\n\n\n\n<p>La autoridad de la SISS sostuvo que \u201cel foco\nfundamental de este tipo de procesos est\u00e1 colocado en que tengamos cuentas de\nagua justas, con un alto est\u00e1ndar que permita que se financien las inversiones\nnecesarias que garanticen la calidad y continuidad de los servicios. Esta\nrebaja de 3% promedio, marca una tendencia que se ha visto reflejada en la\nmayor\u00eda de los procesos tarifarios del pa\u00eds, de mantener o bajar tarifas\u201d. <\/p>\n\n\n\n<p>La disminuci\u00f3n de las tarifas de la Regi\u00f3n de\nMagallanes se explica fundamentalmente por un crecimiento de la demanda o\nconsumo de agua por parte de la poblaci\u00f3n de los sistemas de Punta Arenas,\nPuerto Natales y Porvenir, que se traduce en mayores econom\u00edas de escala.<\/p>\n\n\n\n<p>La Regi\u00f3n de\nMagallanes se ha visto afectada durante los \u00faltimos a\u00f1os por el cambio\nclim\u00e1tico, lo que se ha manifestado por una menor disponibilidad de agua,\nprincipalmente en per\u00edodo estival adem\u00e1s de aumentos en los niveles de\nturbiedad y color del agua en sus fuentes. Por esta raz\u00f3n, la empresa Aguas\nMagallanes ha proyectado grandes obras entre las cuales podemos destacar la\nampliaci\u00f3n y redise\u00f1o de la Planta de Tratamiento de Agua Potable (PTAP) de\nPunta Arenas; y la construcci\u00f3n de una nueva Planta de Tratamiento de Agua\nPotable (PTAP) para Puerto Natales. <\/p>\n\n\n\n<p>Todas estas\ninversiones no ocasionar\u00e1n aumentos tarifarios ya que han sido parte del\nacuerdo de rebaja tarifaria.<\/p>\n","protected":false},"excerpt":{"rendered":"<p>Cerca de 200 mil personas de la Regi\u00f3n de Magallanes se beneficiar\u00e1n con una rebaja de 3% en la cuenta del agua. As\u00ed lo anunciaron esta ma\u00f1ana el ministro de&#8230; <a class=\"read-more\" href=\"https:\/\/www.radiopresidenteibanez.cl\/web\/rebaja-tarifaria-en-la-cuenta-del-agua-potable-beneficiara-a-mas-de-200-mil-personas-en-la-region-de-magallanes\/\">Leer m\u00e1s<\/a><\/p>\n","protected":false},"author":2,"featured_media":16012,"comment_status":"closed","ping_status":"closed","sticky":false,"template":"","format":"standard","meta":{"footnotes":""},"categories":[1],"tags":[],"class_list":["post-16011","post","type-post","status-publish","format-standard","has-post-thumbnail","hentry","category-cronica"],"_links":{"self":[{"href":"https:\/\/www.radiopresidenteibanez.cl\/web\/wp-json\/wp\/v2\/posts\/16011","targetHints":{"allow":["GET"]}}],"collection":[{"href":"https:\/\/www.radiopresidenteibanez.cl\/web\/wp-json\/wp\/v2\/posts"}],"about":[{"href":"https:\/\/www.radiopresidenteibanez.cl\/web\/wp-json\/wp\/v2\/types\/post"}],"author":[{"embeddable":true,"href":"https:\/\/www.radiopresidenteibanez.cl\/web\/wp-json\/wp\/v2\/users\/2"}],"replies":[{"embeddable":true,"href":"https:\/\/www.radiopresidenteibanez.cl\/web\/wp-json\/wp\/v2\/comments?post=16011"}],"version-history":[{"count":0,"href":"https:\/\/www.radiopresidenteibanez.cl\/web\/wp-json\/wp\/v2\/posts\/16011\/revisions"}],"wp:featuredmedia":[{"embeddable":true,"href":"https:\/\/www.radiopresidenteibanez.cl\/web\/wp-json\/wp\/v2\/media\/16012"}],"wp:attachment":[{"href":"https:\/\/www.radiopresidenteibanez.cl\/web\/wp-json\/wp\/v2\/media?parent=16011"}],"wp:term":[{"taxonomy":"category","embeddable":true,"href":"https:\/\/www.radiopresidenteibanez.cl\/web\/wp-json\/wp\/v2\/categories?post=16011"},{"taxonomy":"post_tag","embeddable":true,"href":"https:\/\/www.radiopresidenteibanez.cl\/web\/wp-json\/wp\/v2\/tags?post=16011"}],"curies":[{"name":"wp","href":"https:\/\/api.w.org\/{rel}","templated":true}]}}