{"id":16008,"date":"2020-11-15T03:30:00","date_gmt":"2020-11-15T03:30:00","guid":{"rendered":"https:\/\/www.radiopresidenteibanez.cl\/web\/?p=16008"},"modified":"2020-11-14T19:32:45","modified_gmt":"2020-11-14T19:32:45","slug":"seremi-de-educacion-y-junaeb-magallanes-entregaron-computadores-a-estudiantes-de-escuela-paul-harris","status":"publish","type":"post","link":"https:\/\/www.radiopresidenteibanez.cl\/web\/seremi-de-educacion-y-junaeb-magallanes-entregaron-computadores-a-estudiantes-de-escuela-paul-harris\/","title":{"rendered":"SEREMI DE EDUCACI\u00d3N Y JUNAEB MAGALLANES ENTREGARON COMPUTADORES A ESTUDIANTES DE ESCUELA PAUL HARRIS"},"content":{"rendered":"\n<p>5 fueron las familias que resultaron beneficiadas con la entrega de notebook que forman parte del programa \u201cMe conecto para Aprender\u201d del Ministerio de Educaci\u00f3n a trav\u00e9s de Junaeb y que tiene como objetivo acortar la brecha de acceso y uso de las Tecnolog\u00edas de la Informaci\u00f3n y Comunicaci\u00f3n (TIC), y apoyar a los procesos de aprendizaje de los estudiantes de la educaci\u00f3n p\u00fablica.<\/p>\n\n\n\n<p>En esta entrega, que fue liderada por el Seremi de Educaci\u00f3n de Magallanes Rodrigo Sep\u00falveda, estuvo presente tambi\u00e9n el Alcalde de Punta Arenas Claudio Radonich y la Directora Regional de Junaeb Paula Vidal, autoridades que compartieron junto a las familias beneficiadas que recibir\u00e1n junto&nbsp; al computador port\u00e1til, un plan de Internet m\u00f3vil por 11 meses y recursos educativos digitales, especialmente acondicionados para los estudiantes de 7\u00b0 b\u00e1sico de la Escuela Rotario Paul Harris, perteneciente a la Corporaci\u00f3n Municipal de Punta Arenas, Cormupa.<\/p>\n\n\n\n<p>Como lo destac\u00f3 el&nbsp;<strong>Seremi de Educaci\u00f3n Rodrigo Sep\u00falveda Tagle<\/strong>, \u201cEsta entrega es para nosotros un privilegio, entrega que se suma al esfuerzo tremendo que ha llevado a cabo el Municipio llegando a alcanzar hoy un 93% de conectividad. Hoy entregamos estos equipos a un establecimiento de educaci\u00f3n con ni\u00f1os con necesidades educativas especiales, aporte que habla de que estamos llegando a todos los estudiantes. Seguimos trabajando para suplir las brechas que a\u00fan nos quedan en conectividad, la que sigue existiendo debido a la calidad de la conexi\u00f3n a internet que en Magallanes no es la \u00f3ptima, pero esperamos que la puesta en marcha de la fibra \u00f3ptica nos pueda ayudar a llegar de mejor manera a todos los estudiantes. Ha sido un a\u00f1o tremendamente complejo, en una emergencia sanitaria en la cual hemos debido seguir trabajando para asegurar la educaci\u00f3n y continuar con los procesos pedag\u00f3gicos de todos los estudiantes\u201d.<\/p>\n\n\n\n<p>Por su parte, el&nbsp;<strong>Alcalde de Punta Arenas, Claudio Radonich<\/strong>&nbsp;destac\u00f3 el trabajo coordinado de la Corporaci\u00f3n Municipal, el Ministerio de Educaci\u00f3n y la empresa privada \u201cque en un a\u00f1o tan dif\u00edcil como el que hemos tenido, nos ha obligado a realizar un esfuerzo importante&nbsp; durante estos meses de pandemia, dotando a los alumnos de computadores o Tablet con internet, que les permita tener clases online como corresponde. Todos los alumnos tienen derecho a contar con computador y saber que hoy entregamos notebook adaptados para que los estudiantes con NEE puedan asistir a sus clases, es un doble motivo de satisfacci\u00f3n\u201d.<\/p>\n\n\n\n<p>Durante el a\u00f1o 2020, a trav\u00e9s del programa Becas TIC, se han entregado 1.300 computadores en todas las comunas de la regi\u00f3n de Magallanes y de la Ant\u00e1rtica Chilena. A partir de 2018, el programa TIC incluy\u00f3 entre los beneficiados a los estudiantes con Necesidades Educativas Especiales (NEE), logrando entregar un computador que incluye art\u00edculos de apoyo t\u00e9cnico, a objeto de brindar adecuadas herramientas para acercar las Tecnolog\u00edas de la Informaci\u00f3n y Comunicaci\u00f3n a todos\/as los estudiantes focalizados. Este a\u00f1o, junto al computador port\u00e1til, se sum\u00f3 la conexi\u00f3n a Internet y un set de apoyo tecnol\u00f3gico para facilitar su uso y accesibilidad.<\/p>\n\n\n\n<p>As\u00ed lo explic\u00f3&nbsp;<strong>Paula Vidal, Directora Regional de Junaeb.&nbsp;<\/strong>\u201cEste a\u00f1o el programa beneficia a 5 estudiantes de la Escuela Especial Rotario Paul Harris, computadores que no s\u00f3lo son para continuar sus estudios sino adem\u00e1s son un apoyo para todas las familias que est\u00e1n desarrollando sus actividades a trav\u00e9s de internet y online. Este proceso concluye hoy, habiendo entregado desde mayo de este a\u00f1o m\u00e1s de 1.300 computadores y este es nuestro broche de oro para nosotros y esta Escuela Paul Harris\u201d.<\/p>\n\n\n\n<p><strong>Escuela Rotario Paul Harris<\/strong><\/p>\n\n\n\n<p>Con una matr\u00edcula de 87 estudiantes, la Escuela Rotario Paul Harris ha debido extremar las acciones para dotar de computadores y tablet a sus estudiantes que les permitan acceder a una educaci\u00f3n de calidad en contexto de pandemia.<\/p>\n\n\n\n<p>Como lo explica&nbsp;<strong>Elisabeth Ulloa, Directora de la Escuela Paul Harris<\/strong>&nbsp;y del Centro de Capacitaci\u00f3n laboral, \u201cla entrega de hoy es un acto simb\u00f3lico de lo que tiene que empezar a ocurrir con la educaci\u00f3n especial, ya que nuestros estudiantes no s\u00f3lo tienen necesidades en el \u00e1mbito pedag\u00f3gico sino tambi\u00e9n en el \u00e1mbito socioemocional, que los obliga a permanecer en contacto no s\u00f3lo con los docentes y profesionales, sino tambi\u00e9n con kinesi\u00f3logos, fonoaudi\u00f3logos o psic\u00f3logos que forman parte de sus terapias. Entonces el acceso a una educaci\u00f3n integral para los estudiantes con NEE es esencial en contexto de pandemia, y la \u00fanica forma de acceder a \u00e9sta es v\u00eda digital\u201d.<\/p>\n\n\n\n<p>As\u00ed lo declar\u00f3 tambi\u00e9n&nbsp;<strong>Paola Oyarz\u00fan<\/strong>, apoderada que retir\u00f3 personalmente el computador para su hijo Miguel, de 14 a\u00f1os que sufre de autismo. \u201cEstoy muy agradecida de esta gesti\u00f3n que ha hecho la escuela Paul Harris y su directora para que mi hijo pueda recibir de Junaeb un computador que le permita indagar m\u00e1s en las redes. \u00c9l a\u00fan no sabe leer, pero usa el m\u00e9todo global y con este computador que cuenta con elementos de ayuda especial, le ser\u00e1 de gran ayuda en este proceso y \u00e9l podr\u00e1 revisar sus actividades. Estoy feliz y agradecida de todos los entes que participan en esta entrega y la hacen posible\u201d.<\/p>\n\n\n\n<p>Finalmente,&nbsp;<strong>Ricardo Alarc\u00f3n<\/strong>, apoderado y padre de la alumna G\u00e9nesis Alarc\u00f3n de 7mo b\u00e1sico dijo que \u201cNosotros ten\u00edamos un equipo en la casa, pero con \u00e9ste, que tiene elementos adaptados especialmente para ella, mi hija podr\u00e1 avanzar mejor en sus cosas del colegio. Esta entrega es super buena porque es un apoyo grande para mi hija G\u00e9nesis.&nbsp; Estoy muy contento y agradecido\u201d.<\/p>\n","protected":false},"excerpt":{"rendered":"<p>5 fueron las familias que resultaron beneficiadas con la entrega de notebook que forman parte del programa \u201cMe conecto para Aprender\u201d del Ministerio de Educaci\u00f3n a trav\u00e9s de Junaeb y&#8230; <a class=\"read-more\" href=\"https:\/\/www.radiopresidenteibanez.cl\/web\/seremi-de-educacion-y-junaeb-magallanes-entregaron-computadores-a-estudiantes-de-escuela-paul-harris\/\">Leer m\u00e1s<\/a><\/p>\n","protected":false},"author":2,"featured_media":16009,"comment_status":"closed","ping_status":"closed","sticky":false,"template":"","format":"standard","meta":{"footnotes":""},"categories":[1],"tags":[],"class_list":["post-16008","post","type-post","status-publish","format-standard","has-post-thumbnail","hentry","category-cronica"],"_links":{"self":[{"href":"https:\/\/www.radiopresidenteibanez.cl\/web\/wp-json\/wp\/v2\/posts\/16008","targetHints":{"allow":["GET"]}}],"collection":[{"href":"https:\/\/www.radiopresidenteibanez.cl\/web\/wp-json\/wp\/v2\/posts"}],"about":[{"href":"https:\/\/www.radiopresidenteibanez.cl\/web\/wp-json\/wp\/v2\/types\/post"}],"author":[{"embeddable":true,"href":"https:\/\/www.radiopresidenteibanez.cl\/web\/wp-json\/wp\/v2\/users\/2"}],"replies":[{"embeddable":true,"href":"https:\/\/www.radiopresidenteibanez.cl\/web\/wp-json\/wp\/v2\/comments?post=16008"}],"version-history":[{"count":0,"href":"https:\/\/www.radiopresidenteibanez.cl\/web\/wp-json\/wp\/v2\/posts\/16008\/revisions"}],"wp:featuredmedia":[{"embeddable":true,"href":"https:\/\/www.radiopresidenteibanez.cl\/web\/wp-json\/wp\/v2\/media\/16009"}],"wp:attachment":[{"href":"https:\/\/www.radiopresidenteibanez.cl\/web\/wp-json\/wp\/v2\/media?parent=16008"}],"wp:term":[{"taxonomy":"category","embeddable":true,"href":"https:\/\/www.radiopresidenteibanez.cl\/web\/wp-json\/wp\/v2\/categories?post=16008"},{"taxonomy":"post_tag","embeddable":true,"href":"https:\/\/www.radiopresidenteibanez.cl\/web\/wp-json\/wp\/v2\/tags?post=16008"}],"curies":[{"name":"wp","href":"https:\/\/api.w.org\/{rel}","templated":true}]}}