{"id":16005,"date":"2020-11-16T03:15:38","date_gmt":"2020-11-16T03:15:38","guid":{"rendered":"https:\/\/www.radiopresidenteibanez.cl\/web\/?p=16005"},"modified":"2020-11-14T19:30:22","modified_gmt":"2020-11-14T19:30:22","slug":"ministerio-de-educacion-y-la-fundacion-pais-digital-presentan-primera-version-de-robotic-fest-para-visibilizar-la-robotica-educativa-y-su-impacto-en-el-pais","status":"publish","type":"post","link":"https:\/\/www.radiopresidenteibanez.cl\/web\/ministerio-de-educacion-y-la-fundacion-pais-digital-presentan-primera-version-de-robotic-fest-para-visibilizar-la-robotica-educativa-y-su-impacto-en-el-pais\/","title":{"rendered":"MINISTERIO DE EDUCACI\u00d3N Y LA FUNDACI\u00d3N PA\u00cdS DIGITAL PRESENTAN PRIMERA VERSI\u00d3N DE ROBOTIC FEST PARA VISIBILIZAR LA ROB\u00d3TICA EDUCATIVA Y SU IMPACTO EN EL PA\u00cdS"},"content":{"rendered":"\n<p>Con el objetivo\nde acercar la rob\u00f3tica educativa a los estudiantes del pa\u00eds, desde este lunes,&nbsp; los estudiantes que est\u00e9n cursando desde\ns\u00e9ptimo a cuarto medio, podr\u00e1n ser parte de la primera versi\u00f3n de <strong>Robotic Fest 2020<\/strong>, evento organizado\npor el Ministerio de Educaci\u00f3n (MINEDUC) y Fundaci\u00f3n Pa\u00eds Digital.<\/p>\n\n\n\n<p>Sobre la realizaci\u00f3n de esta primera versi\u00f3n del festival de rob\u00f3tica,\nel Ministro de Educaci\u00f3n, Ra\u00fal Figueroa, asegur\u00f3 que <strong>\u201cdurante los \u00faltimos\na\u00f1os el Mineduc ha impulsado diversas iniciativas en el marco del Plan Nacional\nde Lenguajes Digitales para acercar la tecnolog\u00eda, la computaci\u00f3n y la\nprogramaci\u00f3n a los estudiantes. Hoy se suma el Robotic Fest, una invitaci\u00f3n\npara adentrarse en el mundo de la rob\u00f3tica, una disciplina que combina el arte,\nel dise\u00f1o, la creatividad y la programaci\u00f3n, y lo m\u00e1s importante, que permite\nempoderar a los estudiantes para que aporten a resolver los desaf\u00edos que tiene\nel mundo y Chile por delante<\/strong><strong>\u201d.<\/strong><\/p>\n\n\n\n<p>A partir del 16\nde noviembre, los interesados podr\u00e1n participar de manera virtual, de la Semana\nde la Rob\u00f3tica, instancia que busca potenciar la innovaci\u00f3n y habilidades del siglo XXI entre las que se cuentanla rob\u00f3tica y programaci\u00f3n desde el\naula, a trav\u00e9s de diversas actividades como talleres, charlas y muestras de\nproyectos rob\u00f3ticos y tecnol\u00f3gicos, entre otras. <strong><\/strong><\/p>\n\n\n\n<p>A trav\u00e9s de las\nredes sociales de Robotic Fest, Pa\u00eds Digital y el Ministerio de Educaci\u00f3n, las\ncomunidades educativas podr\u00e1n seguir la transmisi\u00f3n de un completo evento de\nlanzamiento y una serie de entrevistas, paneles de conversaci\u00f3n y charlas\nmagistrales junto a expertos y fan\u00e1ticos de la rob\u00f3tica, que se realizar\u00e1n\nentre el martes 17 y jueves 19 de noviembre. <\/p>\n\n\n\n<p>De acuerdo con\nel ministro, el presidente de la Fundaci\u00f3n Pa\u00eds Digital, Pelayo Covarrubias,\nagreg\u00f3 que \u201cla rob\u00f3tica educativa es, ante todo, una metodolog\u00eda de aprendizaje\nbasada en la creatividad y la innovaci\u00f3n, habilidades natas del siglo XXI y que\nse deben empezar a desarrollar y estimular desde temprana edad. Saber esto es\nmuy importante ya que crea cierta competencia en nuestro pa\u00eds, a nivel del\nmercado laboral, y c\u00f3mo podemos impactar en esta sociedad. La rob\u00f3tica\neducativa es el medio, el transporte con el que vamos a desarrollar ciertas\nhabilidades, y c\u00f3mo vamos a ir en la ruta\u201d. <\/p>\n\n\n\n<p>Para finalizar\nla semana de lanzamiento de&nbsp; <strong>Robotic Fest, <\/strong>todos los interesados\npodr\u00e1n ser parte de la Masterclass \u201cDise\u00f1a, Construye y Simula: proyectos\nElectronicos con Tinkercard\u201d, a cargo de Manuel P\u00e9rez, Jefe de proyecto de\nRobotic Fest de Fundaci\u00f3n Pa\u00eds Digital. Para acceder a estas actividades, los\nasistentes deber\u00e1n conectarse a trav\u00e9s del Youtube de Robotic Fest o Pa\u00eds\nDigital TV Youtube.<\/p>\n\n\n\n<p>La\ninscripci\u00f3n a estas actividades ser\u00e1 a trav\u00e9s del sitio web <a href=\"http:\/\/www.roboticfest.cl\">www.roboticfest.cl<\/a>\ny en el sitio de Eventbrite <a href=\"https:\/\/www.eventbrite.com\/e\/lanzamiento-robotic-fest-tickets-128153860647\">https:\/\/www.eventbrite.com\/e\/lanzamiento-robotic-fest-tickets-128153860647<\/a>\npodr\u00e1n inscribirse al evento de lanzamiento del 18 de noviembre.<\/p>\n","protected":false},"excerpt":{"rendered":"<p>Con el objetivo de acercar la rob\u00f3tica educativa a los estudiantes del pa\u00eds, desde este lunes,&nbsp; los estudiantes que est\u00e9n cursando desde s\u00e9ptimo a cuarto medio, podr\u00e1n ser parte de&#8230; <a class=\"read-more\" href=\"https:\/\/www.radiopresidenteibanez.cl\/web\/ministerio-de-educacion-y-la-fundacion-pais-digital-presentan-primera-version-de-robotic-fest-para-visibilizar-la-robotica-educativa-y-su-impacto-en-el-pais\/\">Leer m\u00e1s<\/a><\/p>\n","protected":false},"author":2,"featured_media":16006,"comment_status":"closed","ping_status":"closed","sticky":false,"template":"","format":"standard","meta":{"footnotes":""},"categories":[1],"tags":[],"class_list":["post-16005","post","type-post","status-publish","format-standard","has-post-thumbnail","hentry","category-cronica"],"_links":{"self":[{"href":"https:\/\/www.radiopresidenteibanez.cl\/web\/wp-json\/wp\/v2\/posts\/16005","targetHints":{"allow":["GET"]}}],"collection":[{"href":"https:\/\/www.radiopresidenteibanez.cl\/web\/wp-json\/wp\/v2\/posts"}],"about":[{"href":"https:\/\/www.radiopresidenteibanez.cl\/web\/wp-json\/wp\/v2\/types\/post"}],"author":[{"embeddable":true,"href":"https:\/\/www.radiopresidenteibanez.cl\/web\/wp-json\/wp\/v2\/users\/2"}],"replies":[{"embeddable":true,"href":"https:\/\/www.radiopresidenteibanez.cl\/web\/wp-json\/wp\/v2\/comments?post=16005"}],"version-history":[{"count":0,"href":"https:\/\/www.radiopresidenteibanez.cl\/web\/wp-json\/wp\/v2\/posts\/16005\/revisions"}],"wp:featuredmedia":[{"embeddable":true,"href":"https:\/\/www.radiopresidenteibanez.cl\/web\/wp-json\/wp\/v2\/media\/16006"}],"wp:attachment":[{"href":"https:\/\/www.radiopresidenteibanez.cl\/web\/wp-json\/wp\/v2\/media?parent=16005"}],"wp:term":[{"taxonomy":"category","embeddable":true,"href":"https:\/\/www.radiopresidenteibanez.cl\/web\/wp-json\/wp\/v2\/categories?post=16005"},{"taxonomy":"post_tag","embeddable":true,"href":"https:\/\/www.radiopresidenteibanez.cl\/web\/wp-json\/wp\/v2\/tags?post=16005"}],"curies":[{"name":"wp","href":"https:\/\/api.w.org\/{rel}","templated":true}]}}