{"id":16003,"date":"2020-11-16T03:00:39","date_gmt":"2020-11-16T03:00:39","guid":{"rendered":"https:\/\/www.radiopresidenteibanez.cl\/web\/?p=16003"},"modified":"2020-11-14T19:28:00","modified_gmt":"2020-11-14T19:28:00","slug":"alcalde-paredes-sostiene-reunion-con-todo-el-rubro-turistico-de-natales","status":"publish","type":"post","link":"https:\/\/www.radiopresidenteibanez.cl\/web\/alcalde-paredes-sostiene-reunion-con-todo-el-rubro-turistico-de-natales\/","title":{"rendered":"ALCALDE PAREDES SOSTIENE REUNI\u00d3N CON TODO EL RUBRO TUR\u00cdSTICO DE NATALES"},"content":{"rendered":"\n<p>Durante esta\nma\u00f1ana, el alcalde de la comuna junto a funcionarios de la Unidad de Turismo,\nparticiparon de una reuni\u00f3n con el gremio tur\u00edstico para ofrecer respaldo a sus\nsolicitudes y acompa\u00f1ar en la b\u00fasqueda de apoyo a nivel central para dicho\nsector.<\/p>\n\n\n\n<p>En la reuni\u00f3n, los participantes pidieron levantar la cuarentena a corto plazo para poder participar en las reservas de los futuros visitantes que lleguen al Parque Nacional Torres del Paine, y adem\u00e1s solicitaron la suspenci\u00f3n del pago de patentes para todos los locales que no est\u00e9n realizando sus funciones.<\/p>\n\n\n\n<p>La m\u00e1xima autoridad comunal, Fernando Paredes Mansilla, record\u00f3 que el sector tur\u00edstico fue el primero en cerrar sus puertas producto de la pandemia. \u201cEn estos ocho meses muchos de los peque\u00f1os y medianos empresarios que est\u00e1n trabajando en el rubro del turismo, no han tenido la posibilidad de poder recibir ning\u00fan beneficio del Estado por condiciones ajenas a lo que ellos plantean como empresarios, pero la verdad que dentro de los par\u00e1metros de la asignaci\u00f3n de ayudas del Estado, el rubro tur\u00edstico ha sido el que ha recibido menos beneficios y muy escasos\u201d.<\/p>\n\n\n\n<p>El edil agreg\u00f3 que entiende la angustia que tiene la poblaci\u00f3n y comparte que es absolutamente necesario comenzar a reactivar la econom\u00eda, ya que el 30% del PIB de Puerto Natales viene del turismo. \u201cCreo que lleg\u00f3 el momento de que las autoridades sanitarias empiecen a compatibilizar la protecci\u00f3n de la salud con la reactivaci\u00f3n econ\u00f3mica, siempre de manera paulatina para dar se\u00f1ales a la poblaci\u00f3n y al rubro tur\u00edstico\u201d.<\/p>\n\n\n\n<p>Fernando\nParedes, se\u00f1al\u00f3 que actualmente hay un gran riesgo para el turismo de Puerto\nNatales. \u201cSi la actividad tur\u00edstica no se empieza a mover a finales de este\nmes, claramente todos deben dar por perdida la temporada 2020-2021, porque\nfinalmente lo \u00fanico que se esperar\u00eda es tener movimiento en los meses de\ndiciembre, enero y febrero\u201d.<\/p>\n\n\n\n<p>Cabe destacar\nque durante los meses de pandemia, la Unidad de Turismo se ha reunido\nconstantemente con el gremio para aportar y gestionar capacitaciones que\ncertifiquen el cumplimiento de los protocolos sanitarios en el turismo,\npermitiendo estar preparados al momento de avanzar de fase.<\/p>\n\n\n\n<p>Finalmente, el\nalcalde de la comuna, subray\u00f3 que de no cambiar esta situaci\u00f3n es muy probable\nque muchos emprendimentos tur\u00edsticos desaparezcan, por eso reiter\u00f3 la solicitud\nrealizada al ministro de Salud para evaluar las condiciones de Puerto Natales y\npoder salir de cuarentena.<\/p>\n","protected":false},"excerpt":{"rendered":"<p>Durante esta ma\u00f1ana, el alcalde de la comuna junto a funcionarios de la Unidad de Turismo, participaron de una reuni\u00f3n con el gremio tur\u00edstico para ofrecer respaldo a sus solicitudes&#8230; <a class=\"read-more\" href=\"https:\/\/www.radiopresidenteibanez.cl\/web\/alcalde-paredes-sostiene-reunion-con-todo-el-rubro-turistico-de-natales\/\">Leer m\u00e1s<\/a><\/p>\n","protected":false},"author":2,"featured_media":14301,"comment_status":"closed","ping_status":"closed","sticky":false,"template":"","format":"standard","meta":{"footnotes":""},"categories":[1],"tags":[],"class_list":["post-16003","post","type-post","status-publish","format-standard","has-post-thumbnail","hentry","category-cronica"],"_links":{"self":[{"href":"https:\/\/www.radiopresidenteibanez.cl\/web\/wp-json\/wp\/v2\/posts\/16003","targetHints":{"allow":["GET"]}}],"collection":[{"href":"https:\/\/www.radiopresidenteibanez.cl\/web\/wp-json\/wp\/v2\/posts"}],"about":[{"href":"https:\/\/www.radiopresidenteibanez.cl\/web\/wp-json\/wp\/v2\/types\/post"}],"author":[{"embeddable":true,"href":"https:\/\/www.radiopresidenteibanez.cl\/web\/wp-json\/wp\/v2\/users\/2"}],"replies":[{"embeddable":true,"href":"https:\/\/www.radiopresidenteibanez.cl\/web\/wp-json\/wp\/v2\/comments?post=16003"}],"version-history":[{"count":0,"href":"https:\/\/www.radiopresidenteibanez.cl\/web\/wp-json\/wp\/v2\/posts\/16003\/revisions"}],"wp:featuredmedia":[{"embeddable":true,"href":"https:\/\/www.radiopresidenteibanez.cl\/web\/wp-json\/wp\/v2\/media\/14301"}],"wp:attachment":[{"href":"https:\/\/www.radiopresidenteibanez.cl\/web\/wp-json\/wp\/v2\/media?parent=16003"}],"wp:term":[{"taxonomy":"category","embeddable":true,"href":"https:\/\/www.radiopresidenteibanez.cl\/web\/wp-json\/wp\/v2\/categories?post=16003"},{"taxonomy":"post_tag","embeddable":true,"href":"https:\/\/www.radiopresidenteibanez.cl\/web\/wp-json\/wp\/v2\/tags?post=16003"}],"curies":[{"name":"wp","href":"https:\/\/api.w.org\/{rel}","templated":true}]}}