{"id":16000,"date":"2020-11-15T03:15:00","date_gmt":"2020-11-15T03:15:00","guid":{"rendered":"https:\/\/www.radiopresidenteibanez.cl\/web\/?p=16000"},"modified":"2020-11-14T19:26:36","modified_gmt":"2020-11-14T19:26:36","slug":"mejoramiento-de-calle-las-heras-presenta-un-43-por-ciento-de-avance","status":"publish","type":"post","link":"https:\/\/www.radiopresidenteibanez.cl\/web\/mejoramiento-de-calle-las-heras-presenta-un-43-por-ciento-de-avance\/","title":{"rendered":"MEJORAMIENTO DE CALLE LAS HERAS PRESENTA UN 43 POR CIENTO DE AVANCE"},"content":{"rendered":"\n<p>Una importante obra vial est\u00e1 desarrollando el Ministerio de Vivienda y Urbanismo en el sector sur de Punta Arenas. Se trata de la construcci\u00f3n de la calzada de calle Las Heras, en el tramo Vergara-Costanera y la calzada de calle Vergara, en el tramo Las Heras-Miraflores, pavimentaci\u00f3n de aceras e instalaci\u00f3n de soleras en toda el \u00e1rea de intervenci\u00f3n.<\/p>\n\n\n\n<p>El director regional del Serviu,&nbsp;<strong>Dubalio P\u00e9rez Ruiz<\/strong>, inform\u00f3 que el proyecto presenta a la fecha un 43 por ciento de avance&nbsp;<strong>\u201cLas obras contemplan la pavimentaci\u00f3n de la calle y a su vez, algo muy importante, que es la canalizaci\u00f3n de las aguas lluvias que se registraban en la \u00e9poca de invierno o fuertes lluvias, arrastrando bastante material que se acumulaba en la Costanera, produciendo inundaciones en ese sector. Las obras de aguas lluvias ya se encuentran concluidas, se hizo el atravieso para llegar con estas aguas a la Costanera y hoy d\u00eda ya estamos en la ejecuci\u00f3n de la calzada\u201d.<\/strong><\/p>\n\n\n\n<p>La autoridad agreg\u00f3 que el proyecto cuenta con una inversi\u00f3n de 797 millones de pesos aportados por el Gobierno Regional, la unidad t\u00e9cnica es el Serviu de Magallanes y de la Ant\u00e1rtica Chilena y la empresa contratista, Eliecer Soto Oyarz\u00fan, con un plazo de ejecuci\u00f3n de 360 d\u00edas, que culmina en mayo del pr\u00f3ximo a\u00f1o.<\/p>\n\n\n\n<p>Las faenas se desarrollan con un contingente de 25 trabajadores, cumpliendo estrictamente los protocolos de seguridad indicados por la autoridad sanitaria. Los colectores de aguas lluvias ubicados en Avenida Costanera, calles Las Heras y Vergara ya fueron instalados y actualmente se trabaja en la pavimentaci\u00f3n de calzada de calle Vergara y calle Las Heras tramo Vergara-Altamirano, donde se aprecia una considerable disminuci\u00f3n en la pendiente de dicha calle.<\/p>\n","protected":false},"excerpt":{"rendered":"<p>Una importante obra vial est\u00e1 desarrollando el Ministerio de Vivienda y Urbanismo en el sector sur de Punta Arenas. Se trata de la construcci\u00f3n de la calzada de calle Las&#8230; <a class=\"read-more\" href=\"https:\/\/www.radiopresidenteibanez.cl\/web\/mejoramiento-de-calle-las-heras-presenta-un-43-por-ciento-de-avance\/\">Leer m\u00e1s<\/a><\/p>\n","protected":false},"author":2,"featured_media":16001,"comment_status":"closed","ping_status":"closed","sticky":false,"template":"","format":"standard","meta":{"footnotes":""},"categories":[1],"tags":[],"class_list":["post-16000","post","type-post","status-publish","format-standard","has-post-thumbnail","hentry","category-cronica"],"_links":{"self":[{"href":"https:\/\/www.radiopresidenteibanez.cl\/web\/wp-json\/wp\/v2\/posts\/16000","targetHints":{"allow":["GET"]}}],"collection":[{"href":"https:\/\/www.radiopresidenteibanez.cl\/web\/wp-json\/wp\/v2\/posts"}],"about":[{"href":"https:\/\/www.radiopresidenteibanez.cl\/web\/wp-json\/wp\/v2\/types\/post"}],"author":[{"embeddable":true,"href":"https:\/\/www.radiopresidenteibanez.cl\/web\/wp-json\/wp\/v2\/users\/2"}],"replies":[{"embeddable":true,"href":"https:\/\/www.radiopresidenteibanez.cl\/web\/wp-json\/wp\/v2\/comments?post=16000"}],"version-history":[{"count":0,"href":"https:\/\/www.radiopresidenteibanez.cl\/web\/wp-json\/wp\/v2\/posts\/16000\/revisions"}],"wp:featuredmedia":[{"embeddable":true,"href":"https:\/\/www.radiopresidenteibanez.cl\/web\/wp-json\/wp\/v2\/media\/16001"}],"wp:attachment":[{"href":"https:\/\/www.radiopresidenteibanez.cl\/web\/wp-json\/wp\/v2\/media?parent=16000"}],"wp:term":[{"taxonomy":"category","embeddable":true,"href":"https:\/\/www.radiopresidenteibanez.cl\/web\/wp-json\/wp\/v2\/categories?post=16000"},{"taxonomy":"post_tag","embeddable":true,"href":"https:\/\/www.radiopresidenteibanez.cl\/web\/wp-json\/wp\/v2\/tags?post=16000"}],"curies":[{"name":"wp","href":"https:\/\/api.w.org\/{rel}","templated":true}]}}