{"id":15997,"date":"2020-11-15T03:00:03","date_gmt":"2020-11-15T03:00:03","guid":{"rendered":"https:\/\/www.radiopresidenteibanez.cl\/web\/?p=15997"},"modified":"2020-11-14T19:24:46","modified_gmt":"2020-11-14T19:24:46","slug":"gestores-culturales-de-natales-participan-de-escuela-de-animacion-cultural-impulsada-por-la-corporacion-de-cultura-tursimo-y-patrimonio","status":"publish","type":"post","link":"https:\/\/www.radiopresidenteibanez.cl\/web\/gestores-culturales-de-natales-participan-de-escuela-de-animacion-cultural-impulsada-por-la-corporacion-de-cultura-tursimo-y-patrimonio\/","title":{"rendered":"GESTORES CULTURALES DE NATALES PARTICIPAN DE ESCUELA DE ANIMACI\u00d3N CULTURAL IMPULSADA POR LA CORPORACI\u00d3N DE CULTURA, TURSIMO Y PATRIMONIO"},"content":{"rendered":"\n<p>Durante esta semana,\ndecenas de entusiastas participantes comenzaron la primera versi\u00f3n de la\nEscuela Comunal de Animaci\u00f3n Cultural de Puerto Natales, el encuentro v\u00eda streaming\nse est\u00e1 realizando durante dos d\u00edas a la semana desde las 17:30 hrs, horario en\nque los inscritos aprenden sobre planificaci\u00f3n para la gesti\u00f3n, gesti\u00f3n de\nproyectos culturales y actividades art\u00edstico culturales.<\/p>\n\n\n\n<p>El taller es posible\ngracias a una alianza entre la Corporaci\u00f3n de Cultura, Turismo y Patrimonio y\nla Secretar\u00eda Regional Ministerial de las Culturas, las Artes y el Patrimonio\nde Magallanes.<\/p>\n\n\n\n<p>Para el alcalde de\nNatales, estos acuerdos son fundamentales para el desarrollo cultural de la\ncomuna, \u201cesta es una de las tantas acciones que realiza y gestiona la\nCorporaci\u00f3n de Cultura, como presidente de dicha corporaci\u00f3n me siento muy feliz\nde que m\u00e1s personas puedan acceder y aprender de forma gratuita a c\u00f3mo realizar\ny gestionar proyectos culturales\u201d.<\/p>\n\n\n\n<p>La escuela de\nAnimaci\u00f3n Cultural est\u00e1 a cargo del Centro de Estudios Culturales Aplicados,\nque est\u00e1 integrado por un equipo profesional de amplia trayectoria y\nexperiencia en el \u00e1rea, ejecutando este tipo de cursos en otras regiones del\npa\u00eds. <\/p>\n\n\n\n<p>Paulina Schaffer,\nprofesora encargada de realizar la escuela en Puerto Natales se\u00f1al\u00f3, \u201cha sido\nuna experiencia bien gratificante porque es un p\u00fablico bien diverso, hay\nj\u00f3venes, adultos mayores y adultos. Son hombres y mujeres de distintas edades,\nentonces la convivencia en esta aula virtual ha sido muy nutrida de experiencia\ny opiniones. Ese es el esp\u00edritu con el que se espera llegar a las asambleas\nsectoriales\u201d.<\/p>\n\n\n\n<p>Uno de los puntos\nm\u00e1s relevantes de la escuela, es que todos los participantes que aprueben\nrecibir\u00e1n un certificado que acredite su participaci\u00f3n como animador cultural\nde la comuna.<\/p>\n","protected":false},"excerpt":{"rendered":"<p>Durante esta semana, decenas de entusiastas participantes comenzaron la primera versi\u00f3n de la Escuela Comunal de Animaci\u00f3n Cultural de Puerto Natales, el encuentro v\u00eda streaming se est\u00e1 realizando durante dos&#8230; <a class=\"read-more\" href=\"https:\/\/www.radiopresidenteibanez.cl\/web\/gestores-culturales-de-natales-participan-de-escuela-de-animacion-cultural-impulsada-por-la-corporacion-de-cultura-tursimo-y-patrimonio\/\">Leer m\u00e1s<\/a><\/p>\n","protected":false},"author":2,"featured_media":15998,"comment_status":"closed","ping_status":"closed","sticky":false,"template":"","format":"standard","meta":{"footnotes":""},"categories":[1],"tags":[],"class_list":["post-15997","post","type-post","status-publish","format-standard","has-post-thumbnail","hentry","category-cronica"],"_links":{"self":[{"href":"https:\/\/www.radiopresidenteibanez.cl\/web\/wp-json\/wp\/v2\/posts\/15997","targetHints":{"allow":["GET"]}}],"collection":[{"href":"https:\/\/www.radiopresidenteibanez.cl\/web\/wp-json\/wp\/v2\/posts"}],"about":[{"href":"https:\/\/www.radiopresidenteibanez.cl\/web\/wp-json\/wp\/v2\/types\/post"}],"author":[{"embeddable":true,"href":"https:\/\/www.radiopresidenteibanez.cl\/web\/wp-json\/wp\/v2\/users\/2"}],"replies":[{"embeddable":true,"href":"https:\/\/www.radiopresidenteibanez.cl\/web\/wp-json\/wp\/v2\/comments?post=15997"}],"version-history":[{"count":0,"href":"https:\/\/www.radiopresidenteibanez.cl\/web\/wp-json\/wp\/v2\/posts\/15997\/revisions"}],"wp:featuredmedia":[{"embeddable":true,"href":"https:\/\/www.radiopresidenteibanez.cl\/web\/wp-json\/wp\/v2\/media\/15998"}],"wp:attachment":[{"href":"https:\/\/www.radiopresidenteibanez.cl\/web\/wp-json\/wp\/v2\/media?parent=15997"}],"wp:term":[{"taxonomy":"category","embeddable":true,"href":"https:\/\/www.radiopresidenteibanez.cl\/web\/wp-json\/wp\/v2\/categories?post=15997"},{"taxonomy":"post_tag","embeddable":true,"href":"https:\/\/www.radiopresidenteibanez.cl\/web\/wp-json\/wp\/v2\/tags?post=15997"}],"curies":[{"name":"wp","href":"https:\/\/api.w.org\/{rel}","templated":true}]}}