{"id":15995,"date":"2020-11-14T19:22:55","date_gmt":"2020-11-14T19:22:55","guid":{"rendered":"https:\/\/www.radiopresidenteibanez.cl\/web\/?p=15995"},"modified":"2020-11-14T19:23:00","modified_gmt":"2020-11-14T19:23:00","slug":"avanzamos-en-democracia-y-descentralizacion-por-nicolas-galvez","status":"publish","type":"post","link":"https:\/\/www.radiopresidenteibanez.cl\/web\/avanzamos-en-democracia-y-descentralizacion-por-nicolas-galvez\/","title":{"rendered":"\u00abAVANZAMOS EN DEMOCRACIA Y DESCENTRALIZACI\u00d3N\u00bb por Nicol\u00e1s G\u00e1lvez"},"content":{"rendered":"\n<p>Nos enfrentamos a un proceso constituyente \u00fanico en su tipo en el\nplaneta. Si, \u00fanico en el planeta, dado que ser\u00e1 la primera constituci\u00f3n en el\nmundo que ser\u00e1 redactada por una convenci\u00f3n conformada de manera paritaria por\nhombres y mujeres, que tendr\u00e1 cupos reservados para los representantes de sus\npueblos ind\u00edgenas y que ser\u00e1 sometida a un plebiscito ratificatorio que tendr\u00e1\ncar\u00e1cter obligatorio. Todo un hito pol\u00edtico. El mayor desaf\u00edo en el proceso\nconstituyente es, a mi juicio, la capacidad de los actores sociales y pol\u00edticos\nde dar conducci\u00f3n y representaci\u00f3n a ese mayoritario 80% de la poblaci\u00f3n que\ndio al APRUEBO a este proceso. Los partidos deben asumir que representan solo a\nuna parte de la poblaci\u00f3n y que mas all\u00e1 de sus fronteras existe organizaci\u00f3n\nque tiene y debe tener participaci\u00f3n y ser escuchada para dar la necesaria\nlegitimidad que la carta magna requiere. <\/p>\n\n\n\n<p>En paralelo, coindice con el proceso constituyente, el necesario\nproceso descentralizador que vive el pa\u00eds y que es sin duda la gran oportunidad\npara&nbsp; el desarrollo y respuesta a las\nnecesidades de las regiones de Chile. El modelo centralista al que se ha\nsometido a las provincias y regiones por mas de dos siglos, muestra su desgaste\nmediante la injusticia social representada en los sectores mas alejados del\ncentro. Una muestra de ese desgaste y el cansancio generado en la poblaci\u00f3n, es\nel resultado del plebiscito del 25 de octubre en aquellas zonas aisladas y\nolvidadas por el centralismo&nbsp; o aquellas denominadas\n\u201cde sacrificio\u201d donde el APRUEBO alcanzo porcentajes superiores al 88% como el\ncaso de Huasco, Tocopilla, Tortel, Illapel, Mejillones, Petorca, Cha\u00f1aral,\nDiego de Almagro, Mar\u00eda Elena o Freirina donde se lleg\u00f3 a un hist\u00f3rico 92%. En\ntodas estas zonas se conjugan la pobreza extrema con una extrema contaminaci\u00f3n,\nafectando la calidad de vida, la salud y la econom\u00eda de sus habitantes que ven\ncomo finalmente ellos pagan el costo con su salud y sus vidas y el tributo se\nlo llevan unas pocas familias que viven en Santiago. <\/p>\n\n\n\n<p>La experiencia de los pa\u00edses m\u00e1s desarrollados que son, a su vez,\npa\u00edses descentralizados deben ser objeto de atenci\u00f3n para Chile y la Regi\u00f3n de\nMagallanes, dado que ah\u00ed se demuestra en la pr\u00e1ctica que el desarrollo de las\nregiones pasa por el fortalecimiento de los gobiernos locales y su capacidad\npara establecer sus propias pol\u00edticas y estrategias. Esto \u00faltimo, es el paso\nsiguiente que debe dar la regi\u00f3n para su pleno desarrollo. Se necesita que las\nprovincias y sus comunas tengan tambi\u00e9n la autonom\u00eda suficiente para decidir\nacerca de c\u00f3mo quieren orientar la inversi\u00f3n y el desarrollo de los sectores\nproductivos, para as\u00ed dejar de ser solo receptores de dise\u00f1os y decisiones\ntomadas en Santiago o Punta Arenas y demostrar con hechos que es posible\ndisminuir las desigualdades territoriales, econ\u00f3micas y sociales.<\/p>\n\n\n\n<p><strong>Nicol\u00e1s G\u00e1lvez L\u00f3pez<\/strong><\/p>\n\n\n\n<p><strong>Vanguardia Comunitaria<\/strong><\/p>\n","protected":false},"excerpt":{"rendered":"<p>Nos enfrentamos a un proceso constituyente \u00fanico en su tipo en el planeta. Si, \u00fanico en el planeta, dado que ser\u00e1 la primera constituci\u00f3n en el mundo que ser\u00e1 redactada&#8230; <a class=\"read-more\" href=\"https:\/\/www.radiopresidenteibanez.cl\/web\/avanzamos-en-democracia-y-descentralizacion-por-nicolas-galvez\/\">Leer m\u00e1s<\/a><\/p>\n","protected":false},"author":2,"featured_media":13636,"comment_status":"closed","ping_status":"closed","sticky":false,"template":"","format":"standard","meta":{"footnotes":""},"categories":[1],"tags":[],"class_list":["post-15995","post","type-post","status-publish","format-standard","has-post-thumbnail","hentry","category-cronica"],"_links":{"self":[{"href":"https:\/\/www.radiopresidenteibanez.cl\/web\/wp-json\/wp\/v2\/posts\/15995","targetHints":{"allow":["GET"]}}],"collection":[{"href":"https:\/\/www.radiopresidenteibanez.cl\/web\/wp-json\/wp\/v2\/posts"}],"about":[{"href":"https:\/\/www.radiopresidenteibanez.cl\/web\/wp-json\/wp\/v2\/types\/post"}],"author":[{"embeddable":true,"href":"https:\/\/www.radiopresidenteibanez.cl\/web\/wp-json\/wp\/v2\/users\/2"}],"replies":[{"embeddable":true,"href":"https:\/\/www.radiopresidenteibanez.cl\/web\/wp-json\/wp\/v2\/comments?post=15995"}],"version-history":[{"count":0,"href":"https:\/\/www.radiopresidenteibanez.cl\/web\/wp-json\/wp\/v2\/posts\/15995\/revisions"}],"wp:featuredmedia":[{"embeddable":true,"href":"https:\/\/www.radiopresidenteibanez.cl\/web\/wp-json\/wp\/v2\/media\/13636"}],"wp:attachment":[{"href":"https:\/\/www.radiopresidenteibanez.cl\/web\/wp-json\/wp\/v2\/media?parent=15995"}],"wp:term":[{"taxonomy":"category","embeddable":true,"href":"https:\/\/www.radiopresidenteibanez.cl\/web\/wp-json\/wp\/v2\/categories?post=15995"},{"taxonomy":"post_tag","embeddable":true,"href":"https:\/\/www.radiopresidenteibanez.cl\/web\/wp-json\/wp\/v2\/tags?post=15995"}],"curies":[{"name":"wp","href":"https:\/\/api.w.org\/{rel}","templated":true}]}}