{"id":1599,"date":"2019-02-26T00:13:30","date_gmt":"2019-02-26T00:13:30","guid":{"rendered":"http:\/\/www.radiopresidenteibanez.cl\/web\/?p=1599"},"modified":"2019-02-26T00:13:59","modified_gmt":"2019-02-26T00:13:59","slug":"ejercito-colabora-en-la-mantencion-de-la-escuela-capitan-juan-ladrillero","status":"publish","type":"post","link":"https:\/\/www.radiopresidenteibanez.cl\/web\/ejercito-colabora-en-la-mantencion-de-la-escuela-capitan-juan-ladrillero\/","title":{"rendered":"EJ\u00c9RCITO COLABORA EN LA MANTENCI\u00d3N DE LA ESCUELA CAPIT\u00c1N  \u201cJUAN LADRILLERO\u201d"},"content":{"rendered":"\n<p>El Alcalde de la comuna, Fernando Paredes Mansilla,\nvisit\u00f3 a &nbsp;los soldados conscriptos del\nRegimiento Reforzado N\u00b05 Lanceros, los cuales est\u00e1n ayudando con la mantenci\u00f3n\nanual de la Escuela \u201cJuan Ladrillero\u201d, realizando trabajos de pintura y\nreparaciones. <\/p>\n\n\n\n<p>La idea surge con el fin de dejar en \u00f3ptimas\ncondiciones la escuela frente a la llegada de los alumnos el d\u00eda 5 de marzo,\nfecha en que comienzan las clases en los establecimientos p\u00fablicos de la\ncomuna.<\/p>\n\n\n\n<p>En ese contexto, el edil de Natales se\u00f1al\u00f3 que los grandes\nbeneficiados son los alumnos, recalcando que \u201cen este trabajo colaborativo\nhemos solicitado al Ej\u00e9rcito que nos colabore con las pinturas de las salas,\ngimnasio y pintura exterior de la Escuela \u201cJuan Ladrillero\u201d, agregando que \u201cme\nvoy contento y tambi\u00e9n orgulloso porque se est\u00e1 haciendo un lindo trabajo y que\nseguramente esto va a generar una mayor comodidad para los alumnos cuando\ninicien sus clases en el mes de marzo\u201d, indic\u00f3. <\/p>\n\n\n\n<p>Paredes, resalt\u00f3 y agradeci\u00f3 la labor realizada por el\nej\u00e9rcito, ya que producto del uso de la escuela con las actividades de verano,\nm\u00e1s la carga completa del a\u00f1o escolar anterior hac\u00eda necesaria una mantenci\u00f3n a\ndicho establecimiento, beneficiando a cientos de ni\u00f1os natalinos.<\/p>\n\n\n\n<p>En la misma l\u00ednea, la Directora de Educaci\u00f3n de la\nCorporaci\u00f3n Municipal de Educaci\u00f3n, Silvia Ram\u00edrez, subray\u00f3 que \u201cen las visitas\nrealizadas en distintos establecimientos nos dimos cuenta de que era importante\nhacer una inversi\u00f3n en esta escuela, la necesita\u201d a\u00f1adiendo que \u201cen el trabajo\ncolaborativo que se realiza con el Destacamento \u201cLanceros\u201d, le pedimos apoyo de\npersonal de planta, soldados conscriptos para poder realizar la pintura.\nNosotros como corporaci\u00f3n hicimos las compras de pintura con una inversi\u00f3n\ncercana al mill\u00f3n de pesos, as\u00ed que nos sentimos muy contentos del trabajo que\nse ha estado realizando esta semana y que nos va ayudar a recibir a los\nestudiantes y a los funcionarios en las condiciones que corresponden para\niniciar un buen a\u00f1o escolar\u201d. &nbsp;<\/p>\n\n\n\n<p>Por su parte, el Mayor Arturo Contador Johansen,\nSegundo Comandante del Destacamento, destac\u00f3 que \u201cpara la instituci\u00f3n\nrepresentada en nuestro Destacamento en la Guarnici\u00f3n de Puerto Natales es un\norgullo el poder aportar con un granito m\u00e1s de arena en beneficio de la\ncomunidad\u201d.<\/p>\n\n\n\n<p>Adem\u00e1s de los trabajos por los conscriptos en la\nEscuela \u201cJuan Ladrillero\u201d, los soldados se trasladar\u00e1n a las dependencias de la\nEscuela E-3 \u201cCoronel Santiago Bueras\u201d para realizar las mismas labores.<\/p>\n","protected":false},"excerpt":{"rendered":"<p>El Alcalde de la comuna, Fernando Paredes Mansilla, visit\u00f3 a &nbsp;los soldados conscriptos del Regimiento Reforzado N\u00b05 Lanceros, los cuales est\u00e1n ayudando con la mantenci\u00f3n anual de la Escuela \u201cJuan&#8230; <a class=\"read-more\" href=\"https:\/\/www.radiopresidenteibanez.cl\/web\/ejercito-colabora-en-la-mantencion-de-la-escuela-capitan-juan-ladrillero\/\">Leer m\u00e1s<\/a><\/p>\n","protected":false},"author":2,"featured_media":1600,"comment_status":"closed","ping_status":"closed","sticky":false,"template":"","format":"standard","meta":{"footnotes":""},"categories":[1],"tags":[],"class_list":["post-1599","post","type-post","status-publish","format-standard","has-post-thumbnail","hentry","category-cronica"],"_links":{"self":[{"href":"https:\/\/www.radiopresidenteibanez.cl\/web\/wp-json\/wp\/v2\/posts\/1599","targetHints":{"allow":["GET"]}}],"collection":[{"href":"https:\/\/www.radiopresidenteibanez.cl\/web\/wp-json\/wp\/v2\/posts"}],"about":[{"href":"https:\/\/www.radiopresidenteibanez.cl\/web\/wp-json\/wp\/v2\/types\/post"}],"author":[{"embeddable":true,"href":"https:\/\/www.radiopresidenteibanez.cl\/web\/wp-json\/wp\/v2\/users\/2"}],"replies":[{"embeddable":true,"href":"https:\/\/www.radiopresidenteibanez.cl\/web\/wp-json\/wp\/v2\/comments?post=1599"}],"version-history":[{"count":0,"href":"https:\/\/www.radiopresidenteibanez.cl\/web\/wp-json\/wp\/v2\/posts\/1599\/revisions"}],"wp:featuredmedia":[{"embeddable":true,"href":"https:\/\/www.radiopresidenteibanez.cl\/web\/wp-json\/wp\/v2\/media\/1600"}],"wp:attachment":[{"href":"https:\/\/www.radiopresidenteibanez.cl\/web\/wp-json\/wp\/v2\/media?parent=1599"}],"wp:term":[{"taxonomy":"category","embeddable":true,"href":"https:\/\/www.radiopresidenteibanez.cl\/web\/wp-json\/wp\/v2\/categories?post=1599"},{"taxonomy":"post_tag","embeddable":true,"href":"https:\/\/www.radiopresidenteibanez.cl\/web\/wp-json\/wp\/v2\/tags?post=1599"}],"curies":[{"name":"wp","href":"https:\/\/api.w.org\/{rel}","templated":true}]}}