{"id":15988,"date":"2020-11-13T05:00:00","date_gmt":"2020-11-13T05:00:00","guid":{"rendered":"https:\/\/www.radiopresidenteibanez.cl\/web\/?p=15988"},"modified":"2020-11-13T01:28:43","modified_gmt":"2020-11-13T01:28:43","slug":"hospital-de-natales-pone-en-marcha-su-propio-laboratorio-pcr","status":"publish","type":"post","link":"https:\/\/www.radiopresidenteibanez.cl\/web\/hospital-de-natales-pone-en-marcha-su-propio-laboratorio-pcr\/","title":{"rendered":"HOSPITAL DE NATALES PONE EN MARCHA SU PROPIO LABORATORIO PCR"},"content":{"rendered":"\n<p>El 12 de\nnoviembre de 2020 ser\u00e1 una fecha hist\u00f3rica para el Hospital de Natales puesto\nque, el sue\u00f1o de tener un propio laboratorio de PCR es una realidad. A primera\nhora de la jornada se recibieron y comenzaron su proceso de an\u00e1lisis, las primeras\n18 muestras de la provincia las cuales tendr\u00e1n una respuesta de 24 a 48 horas.<\/p>\n\n\n\n<p>Ante este importante hito para el Hospital, el director\n(s) Dr. Darwin Letelier se\u00f1al\u00f3: \u201cNosotros como Hospital estamos muy conformes\nporque finalmente hemos iniciado el funcionamiento del laboratorio de PCR,\ndesde el d\u00eda de hoy estamos tomando muestras con todas las autorizaciones\ncorrespondientes. Tenemos el personal capacitado, insumos y el equipamiento. Queremos\nentregarles tranquilidad a nuestra comunidad de \u00daltima Esperanza de que ya\ntenemos nuestro laboratorio funcionando, esto nos permitir\u00e1 enfrentar de la\nmejor forma la pandemia del coronavirus, y a nosotros como hospital enfrentar\nde mejor forma a nuestros pacientes.\u201d<\/p>\n\n\n\n<p>Finalmente, el director dedic\u00f3 palabras de felicitaciones\ny agradecimiento a todo el equipo del laboratorio, a quienes han participado de\nprincipio a fin de este proyecto y a todo el personal del Hospital de Natales. <\/p>\n\n\n\n<p>Por su parte la Tecn\u00f3loga m\u00e9dica y jefe (s) del servicio\nde laboratorio Hisgliandy Fuentes coment\u00f3: \u201cHoy iniciamos gratamente el laboratorio\nde biolog\u00eda molecular, comenzamos con el proceso de muestras de origen\nhospitalario y del servicio de urgencia, vamos a iniciar con un total de 20 a\n25 muestras diarias aproximadamente, para los pr\u00f3ximos d\u00edas ir aumentando\npaulatinamente. Esperamos durante el mes de diciembre poder procesar todas las\nmuestras de nuestra provincia, las que son alrededor de 100 muestras diarias. <\/p>\n\n\n\n<p>En cuanto a todo el proceso de esta importante puesta en\nmarcha del laboratorio la tecn\u00f3loga m\u00e9dica destac\u00f3: \u201cpara nosotros es un hito hist\u00f3rico,\nse ha trabajado arduamente en este proyecto, iniciamos en abril de este a\u00f1o,\nprimero con la noticia que \u00edbamos a contar con este laboratorio, luego vino la\nparte t\u00e9cnica de equipamiento, el cu\u00e1l fue llegando paulatinamente, los insumos\ny por supuesto la preparaci\u00f3n del equipo personal. Vamos a trabajar con 4 tecn\u00f3logos\nm\u00e9dicos de lunes a domingo, m\u00e1s un t\u00e9cnico en horario diurno\u201d.<\/p>\n","protected":false},"excerpt":{"rendered":"<p>El 12 de noviembre de 2020 ser\u00e1 una fecha hist\u00f3rica para el Hospital de Natales puesto que, el sue\u00f1o de tener un propio laboratorio de PCR es una realidad. A&#8230; <a class=\"read-more\" href=\"https:\/\/www.radiopresidenteibanez.cl\/web\/hospital-de-natales-pone-en-marcha-su-propio-laboratorio-pcr\/\">Leer m\u00e1s<\/a><\/p>\n","protected":false},"author":2,"featured_media":15989,"comment_status":"closed","ping_status":"closed","sticky":false,"template":"","format":"standard","meta":{"footnotes":""},"categories":[1],"tags":[],"class_list":["post-15988","post","type-post","status-publish","format-standard","has-post-thumbnail","hentry","category-cronica"],"_links":{"self":[{"href":"https:\/\/www.radiopresidenteibanez.cl\/web\/wp-json\/wp\/v2\/posts\/15988","targetHints":{"allow":["GET"]}}],"collection":[{"href":"https:\/\/www.radiopresidenteibanez.cl\/web\/wp-json\/wp\/v2\/posts"}],"about":[{"href":"https:\/\/www.radiopresidenteibanez.cl\/web\/wp-json\/wp\/v2\/types\/post"}],"author":[{"embeddable":true,"href":"https:\/\/www.radiopresidenteibanez.cl\/web\/wp-json\/wp\/v2\/users\/2"}],"replies":[{"embeddable":true,"href":"https:\/\/www.radiopresidenteibanez.cl\/web\/wp-json\/wp\/v2\/comments?post=15988"}],"version-history":[{"count":0,"href":"https:\/\/www.radiopresidenteibanez.cl\/web\/wp-json\/wp\/v2\/posts\/15988\/revisions"}],"wp:featuredmedia":[{"embeddable":true,"href":"https:\/\/www.radiopresidenteibanez.cl\/web\/wp-json\/wp\/v2\/media\/15989"}],"wp:attachment":[{"href":"https:\/\/www.radiopresidenteibanez.cl\/web\/wp-json\/wp\/v2\/media?parent=15988"}],"wp:term":[{"taxonomy":"category","embeddable":true,"href":"https:\/\/www.radiopresidenteibanez.cl\/web\/wp-json\/wp\/v2\/categories?post=15988"},{"taxonomy":"post_tag","embeddable":true,"href":"https:\/\/www.radiopresidenteibanez.cl\/web\/wp-json\/wp\/v2\/tags?post=15988"}],"curies":[{"name":"wp","href":"https:\/\/api.w.org\/{rel}","templated":true}]}}