{"id":15980,"date":"2020-11-13T02:37:00","date_gmt":"2020-11-13T02:37:00","guid":{"rendered":"https:\/\/www.radiopresidenteibanez.cl\/web\/?p=15980"},"modified":"2020-11-13T01:24:18","modified_gmt":"2020-11-13T01:24:18","slug":"arte-y-ciencia-se-complementan-en-el-festival-de-la-ciencia","status":"publish","type":"post","link":"https:\/\/www.radiopresidenteibanez.cl\/web\/arte-y-ciencia-se-complementan-en-el-festival-de-la-ciencia\/","title":{"rendered":"ARTE Y CIENCIA SE COMPLEMENTAN EN EL FESTIVAL DE LA CIENCIA"},"content":{"rendered":"\n<p>Este mi\u00e9rcoles\ny hasta el domingo 15 de noviembre se estar\u00e1 realizando el Festival de la\nCiencia (FEC) 2020. La celebraci\u00f3n es organizada por la Divisi\u00f3n de Ciencia y\nSociedad del Ministerio de Ciencia, Tecnolog\u00eda, Conocimiento e Innovaci\u00f3n, y\nejecutada por el Programa Explora a nivel nacional. <\/p>\n\n\n\n<p>En el caso de\nMagallanes, en el encargado de las actividades es el Proyecto Asociativo Regional\n(PAR) Explora Magallanes y la Ant\u00e1rtica Chilena -perteneciente a la Universidad\nde Magallanes- quienes el pasado mi\u00e9rcoles iniciaron sus actividades con\ntalleres y un conversatorio sobre cri\u00f3sfera y el cambio clim\u00e1tico. <\/p>\n\n\n\n<p>Desde este jueves\ny hasta el domingo ser\u00e1 el turno del arte y las ciencias, a trav\u00e9s de podcats con\nentrevistas a distintos personajes de la escena local, quienes nos contar\u00e1n las\ndiversas miradas sobre el conocimiento cient\u00edfico en la regi\u00f3n enlazado con sus\ntem\u00e1ticas de trabajo, en la actividad \u201cSensibilidades Australes\u201d. <\/p>\n\n\n\n<p>\u201cSon una\niniciativa de divulgaci\u00f3n del proyecto en el que participo y que consiste en\nuna colaboraci\u00f3n con Explora Magallanes para poder comunicar y visibilizar\nperspectivas sobre la ciencia y la tecnolog\u00eda, pero que vienen desde las\nhumanidades, las ciencias sociales y el arte. Hay un podcast sobre una mirada\narqueol\u00f3gica, museal, art\u00edstica etc. En todos estos casos se trata de mostrar\nc\u00f3mo la reflexi\u00f3n art\u00edstica sobre las ciencias proporciona conocimientos y\nformas de representaci\u00f3n que est\u00e1n presente hoy en d\u00eda en nuestro entorno\u201d,\nexplic\u00f3 Nicol\u00e1s Trujillo Osorio, Doctor en Filosof\u00eda con especializaci\u00f3n en\nest\u00e9tica y encargado de la actividad. <\/p>\n\n\n\n<p>Adem\u00e1s, el\nviernes se estar\u00e1 presentando \u201cRecomendaciones Cine&amp;Ciencia\u00bb a cargo\nde Ciclo de Cine Chileno, proyecto de difusi\u00f3n sobre mediaci\u00f3n y creaci\u00f3n\ncinematogr\u00e1fica que cuenta con piezas audiovisuales tanto locales como\nnacionales. <\/p>\n\n\n\n<p>\u201cSomos un nexo\nentre los que realizan pel\u00edculas y la comunidad, as\u00ed que apoyamos en gesti\u00f3n e\ninformaci\u00f3n de los nuevos realizadores independientes y de paso entregamos visibilidad\na pel\u00edculas que no llegan a la cartelera convencional. As\u00ed que buscamos a\ntrav\u00e9s del cine que se cree una mirada anal\u00edtica, m\u00e1s cr\u00edtica y reflexiva sobre\nel entorno.\u201d, explic\u00f3 Paula Robinson Bello, directora de Ciclo de Cine Chileno\ny gestora cultural.<\/p>\n\n\n\n<p><strong>\u00bfArte y\nciencia se complementan?<\/strong><\/p>\n\n\n\n<p>Pese a que se\ncree son culturas diferentes, artes y ciencia tienen m\u00e1s en com\u00fan de lo que se\ncree, incluso en algunas situaciones pueden complementarse entre s\u00ed.<\/p>\n\n\n\n<p>\u201cEl conocimiento en el contexto de este ministerio porque la noci\u00f3n de conocimiento viene a cumplir dos tareas principales: por un lado, cumple la funci\u00f3n de comprender el quehacer cient\u00edfico tecnol\u00f3gico y c\u00f3mo puedes situarlo en referencia a las tradiciones locales, y por otro la socializaci\u00f3n del conocimiento cient\u00edfico y tecnol\u00f3gico -tradicionalmente especializado- y por lo tanto muchas veces dif\u00edcil de comprender\u201d, explica Trujillo. <\/p>\n\n\n\n<p>En ese sentido\nagrega que \u201cpara socializar conocimiento las ciencias humanas y las artes\nprestan un servicio fundamental porque tienen la potencia y la capacidad de\nelaborar discursos y elaborar espacios de representaci\u00f3n en los cuales la\nsocializaci\u00f3n del conocimiento se puede llevar a cabo mediante estrategias de\nsensibilizaci\u00f3n, de reflexi\u00f3n, de pensamiento cr\u00edtico\u201d. <\/p>\n\n\n\n<p>Por su parte,\nRobinson -quien adem\u00e1s es realizadora cinematogr\u00e1fica- comenta que \u201ca\u00fan se\nmantiene el estigma que el arte no tiene que ver con la ciencia por prejuicio.\nMuchos ven el arte como algo loco o espont\u00e1neo, que nace solo del talento y no\nsiempre es as\u00ed. El cine, por ejemplo, tiene procesos similares a la ciencia, en\ncuanto a la investigaci\u00f3n de un personaje, un hecho hist\u00f3rico, que lleva mucho\ntiempo. Y tambi\u00e9n se tienen metodolog\u00edas para llegar a un resultado, algo muy\npropio de las ciencias\u201d. <\/p>\n\n\n\n<p>En ese\nsentido, la directora del PAR Explora Magallanes, Claudia Salinas, se\u00f1ala que a\ntrav\u00e9s del complemento que se genera entre ciencia y arte es posible la apropiaci\u00f3n\ndel conocimiento y del territorio al que pertenecemos.<\/p>\n\n\n\n<p>\u201cEn esta nueva\nversi\u00f3n del Festival de la Ciencia no s\u00f3lo ponemos \u00e9nfasis a la ciencia y la\ntecnolog\u00eda, sino tambi\u00e9n al arte al patrimonio y la cultura. Con esto buscamos\nque a trav\u00e9s de estas disciplinas se genere un facilitador para apropiarse de\nconocimiento, ya que con el arte podemos generar identidad y apropiamiento de\nlos participantes, y es una forma tambi\u00e9n de vincular y apropiarse de los\nfen\u00f3menos cient\u00edficos y tecnol\u00f3gicos que permiten tambi\u00e9n conectarse con la\nemoci\u00f3n de las personas\u201d. <\/p>\n\n\n\n<p>&nbsp;\u201cSensibilidades Australes\u201d, pertenecientes Proyecto\nanillo de producci\u00f3n de conocimiento cient\u00edfico en Chile contempor\u00e1neo,\nANID-PIA soc180039, contar\u00e1 con cuatro podcats que se ir\u00e1n compartiendo desde\nlas redes sociales del PAR Explora Magallanes desde este jueves hasta el\ndomingo. <\/p>\n","protected":false},"excerpt":{"rendered":"<p>Este mi\u00e9rcoles y hasta el domingo 15 de noviembre se estar\u00e1 realizando el Festival de la Ciencia (FEC) 2020. La celebraci\u00f3n es organizada por la Divisi\u00f3n de Ciencia y Sociedad&#8230; <a class=\"read-more\" href=\"https:\/\/www.radiopresidenteibanez.cl\/web\/arte-y-ciencia-se-complementan-en-el-festival-de-la-ciencia\/\">Leer m\u00e1s<\/a><\/p>\n","protected":false},"author":2,"featured_media":15981,"comment_status":"closed","ping_status":"closed","sticky":false,"template":"","format":"standard","meta":{"footnotes":""},"categories":[1],"tags":[],"class_list":["post-15980","post","type-post","status-publish","format-standard","has-post-thumbnail","hentry","category-cronica"],"_links":{"self":[{"href":"https:\/\/www.radiopresidenteibanez.cl\/web\/wp-json\/wp\/v2\/posts\/15980","targetHints":{"allow":["GET"]}}],"collection":[{"href":"https:\/\/www.radiopresidenteibanez.cl\/web\/wp-json\/wp\/v2\/posts"}],"about":[{"href":"https:\/\/www.radiopresidenteibanez.cl\/web\/wp-json\/wp\/v2\/types\/post"}],"author":[{"embeddable":true,"href":"https:\/\/www.radiopresidenteibanez.cl\/web\/wp-json\/wp\/v2\/users\/2"}],"replies":[{"embeddable":true,"href":"https:\/\/www.radiopresidenteibanez.cl\/web\/wp-json\/wp\/v2\/comments?post=15980"}],"version-history":[{"count":0,"href":"https:\/\/www.radiopresidenteibanez.cl\/web\/wp-json\/wp\/v2\/posts\/15980\/revisions"}],"wp:featuredmedia":[{"embeddable":true,"href":"https:\/\/www.radiopresidenteibanez.cl\/web\/wp-json\/wp\/v2\/media\/15981"}],"wp:attachment":[{"href":"https:\/\/www.radiopresidenteibanez.cl\/web\/wp-json\/wp\/v2\/media?parent=15980"}],"wp:term":[{"taxonomy":"category","embeddable":true,"href":"https:\/\/www.radiopresidenteibanez.cl\/web\/wp-json\/wp\/v2\/categories?post=15980"},{"taxonomy":"post_tag","embeddable":true,"href":"https:\/\/www.radiopresidenteibanez.cl\/web\/wp-json\/wp\/v2\/tags?post=15980"}],"curies":[{"name":"wp","href":"https:\/\/api.w.org\/{rel}","templated":true}]}}