{"id":15977,"date":"2020-11-13T02:45:16","date_gmt":"2020-11-13T02:45:16","guid":{"rendered":"https:\/\/www.radiopresidenteibanez.cl\/web\/?p=15977"},"modified":"2020-11-12T18:57:56","modified_gmt":"2020-11-12T18:57:56","slug":"obispo-bastres-visito-la-intendencia-para-oficializar-la-proxima-casa-del-samaritano-de-magallanes","status":"publish","type":"post","link":"https:\/\/www.radiopresidenteibanez.cl\/web\/obispo-bastres-visito-la-intendencia-para-oficializar-la-proxima-casa-del-samaritano-de-magallanes\/","title":{"rendered":"OBISPO BASTRES VISIT\u00d3 LA INTENDENCIA PARA OFICIALIZAR LA PR\u00d3XIMA \u201cCASA DEL SAMARITANO DE MAGALLANES\u201d"},"content":{"rendered":"\n<p>Una muy buena noticia fue la\nentregada esta tarde por el Obispo de Magallanes, Bernardo Bastres, quien\ninform\u00f3 a la intendenta Jenniffer Rojas Garc\u00eda, que se har\u00edan cargo de la\nconcesi\u00f3n de la residencia Juan Pablo II, evitando que los 28 adultos mayores\nque actualmente cobija, sean enviados a otro centro.<\/p>\n\n\n\n<p><em>\u201cEl desaf\u00edo naci\u00f3 desde que el Hogar de Cristo dijo que se iba y que\ndejaba esta residencia y a nosotros nos pareci\u00f3 que el regalo que le hab\u00edamos\nhecho al Papa Juan Pablo II no pod\u00eda quedar a la deriva, hay un compromiso\nregional\u201d,<\/em> dijo el Obispo Bastres.<\/p>\n\n\n\n<p>Adem\u00e1s, el Monse\u00f1or agreg\u00f3 que <em>\u201cdijimos que era posible hacernos cargo para\nseguir atendiendo a estos adultos mayores y a los que vendr\u00e1n, sobre todo con\nun proyecto m\u00e1s regional, que responda a la idiosincrasia del magall\u00e1nico<\/em>\u201d.<\/p>\n\n\n\n<p><strong>\u00bfLe cambiar\u00e1n el nombre a la residencia?<\/strong><\/p>\n\n\n\n<p>\u201c<em>Vamos a cambiar el nombre por varios motivos, primero porque en el\nnombre debe ir lo que quiere ser la espiritualidad del lugar. Es decir, el\nnombre no es algo accidental, porque indica la misi\u00f3n y queremos que sea una\ncasa del samaritano de Magallanes. Creemos que lo t\u00edpico de Magallanes es la\ncasa, el magall\u00e1nico no habla de hogar, habla de casa; el samaritano, quien es\nel que est\u00e1 al lado del camino y sin ayuda; y de Magallanes, porque creemos que\ntiene que tener una identidad propia, que es nuestra regi\u00f3n<\/em>\u201d.<\/p>\n\n\n\n<p>Sobre la visita del Obispo\nBastres, la Intendenta de Magallanes, Jenniffer Rojas, enfatiz\u00f3: <em>\u201cquiero agradecer al Obispo, y a trav\u00e9s de\n\u00e9l a Fide XII, por hacerse cargo de una tem\u00e1tica que para nosotros como\nGobierno es tan relevante, como lo son nuestros adultos mayores. Ellos est\u00e1n\ntomando a los adultos que estaban a un costado y d\u00e1ndoles una mano y eso es lo\nque necesitamos hoy. Adem\u00e1s, damos todo nuestro apoyo para que este proyecto se\nlevante lo antes posible\u201d.<\/em><\/p>\n\n\n\n<p>Rebeca Aguilante, directora\nregional del Senama, quien tambi\u00e9n recibi\u00f3 al Monse\u00f1or Bastres, expres\u00f3 que <em>\u201ctomaremos este nuevo desaf\u00edo regional con\nnuestros adultos mayores y vamos a estar muy presentes como lo hemos hecho\ndesde un principio, para apoyar el traspaso del Hogar de Cristo a Fide XII y\napoyar, adem\u00e1s, en todo lo que se requiera en beneficio de los adultos mayores\nde nuestra regi\u00f3n\u201d<\/em>. <\/p>\n","protected":false},"excerpt":{"rendered":"<p>Una muy buena noticia fue la entregada esta tarde por el Obispo de Magallanes, Bernardo Bastres, quien inform\u00f3 a la intendenta Jenniffer Rojas Garc\u00eda, que se har\u00edan cargo de la&#8230; <a class=\"read-more\" href=\"https:\/\/www.radiopresidenteibanez.cl\/web\/obispo-bastres-visito-la-intendencia-para-oficializar-la-proxima-casa-del-samaritano-de-magallanes\/\">Leer m\u00e1s<\/a><\/p>\n","protected":false},"author":2,"featured_media":15978,"comment_status":"closed","ping_status":"closed","sticky":false,"template":"","format":"standard","meta":{"footnotes":""},"categories":[1],"tags":[],"class_list":["post-15977","post","type-post","status-publish","format-standard","has-post-thumbnail","hentry","category-cronica"],"_links":{"self":[{"href":"https:\/\/www.radiopresidenteibanez.cl\/web\/wp-json\/wp\/v2\/posts\/15977","targetHints":{"allow":["GET"]}}],"collection":[{"href":"https:\/\/www.radiopresidenteibanez.cl\/web\/wp-json\/wp\/v2\/posts"}],"about":[{"href":"https:\/\/www.radiopresidenteibanez.cl\/web\/wp-json\/wp\/v2\/types\/post"}],"author":[{"embeddable":true,"href":"https:\/\/www.radiopresidenteibanez.cl\/web\/wp-json\/wp\/v2\/users\/2"}],"replies":[{"embeddable":true,"href":"https:\/\/www.radiopresidenteibanez.cl\/web\/wp-json\/wp\/v2\/comments?post=15977"}],"version-history":[{"count":0,"href":"https:\/\/www.radiopresidenteibanez.cl\/web\/wp-json\/wp\/v2\/posts\/15977\/revisions"}],"wp:featuredmedia":[{"embeddable":true,"href":"https:\/\/www.radiopresidenteibanez.cl\/web\/wp-json\/wp\/v2\/media\/15978"}],"wp:attachment":[{"href":"https:\/\/www.radiopresidenteibanez.cl\/web\/wp-json\/wp\/v2\/media?parent=15977"}],"wp:term":[{"taxonomy":"category","embeddable":true,"href":"https:\/\/www.radiopresidenteibanez.cl\/web\/wp-json\/wp\/v2\/categories?post=15977"},{"taxonomy":"post_tag","embeddable":true,"href":"https:\/\/www.radiopresidenteibanez.cl\/web\/wp-json\/wp\/v2\/tags?post=15977"}],"curies":[{"name":"wp","href":"https:\/\/api.w.org\/{rel}","templated":true}]}}